{"id":1167,"date":"2015-11-17T19:55:43","date_gmt":"2015-11-17T19:55:43","guid":{"rendered":"http:\/\/osmbklj.edu.ba\/?p=1167"},"modified":"2015-11-17T19:55:43","modified_gmt":"2015-11-17T19:55:43","slug":"oktobar-mjesec-knjige","status":"publish","type":"post","link":"https:\/\/osmbklj.edu.ba\/?p=1167","title":{"rendered":"OKTOBAR &#8211; MJESEC KNJIGE"},"content":{"rendered":"<p style=\"text-align: justify;\"><a href=\"http:\/\/osmbklj.edu.ba\/wp-content\/uploads\/2015\/11\/oktobar-mjesec-knjige-7.jpg\"><img loading=\"lazy\" decoding=\"async\" class=\" wp-image-1283 alignleft\" src=\"http:\/\/osmbklj.edu.ba\/wp-content\/uploads\/2015\/11\/oktobar-mjesec-knjige-7-150x150.jpg\" alt=\"OKTOBAR - MJESEC KNJIGE 6\" width=\"236\" height=\"236\" \/><\/a>Ve\u0107 tradicionalno obilje\u017eavamo Oktobar \u2013 mjesec knjige. Ove godine smo knji\u017eevno ve\u010de posvetili poeziji Mehmedalije Maka Dizdara i Me\u0111unarodnom danu stranih jezika. Istaknuta je i na\u0161a sre\u0107a i zadovoljstvo ponovnim otvaranjen Zemaljskog muzeja poslije tri godine tame i muka. O\u017eivio je poput nekog \u010darobnog mjesta, a ispred njega stoje ste\u0107ci, nadgrobni spomenici srednjovjekovne Bosne. Vje\u010dita inspiracija mnogih umjetnika pa i Maka Dizdara.<\/p>\n<p style=\"text-align: justify;\">U\u010denici su poeziju Maka Dizdara govorili na bosanskom, engleskom i njema\u010dkom jeziku uz instrumentalnu pratnju gitare. U poeziji su u\u017eivali svi prisutni. Pjesme Ruke, Krinovi, Zapis o zemlji, Zapis o izvoru, Poruku, Gor\u010din i Smrt zvu\u010dale su na poseban na\u010din zahvaljuju\u0107i i izgledu scene i zanimljivoj prezentaciji. Sve pohvale u\u010denicima, nastavnicama i u\u010diteljicama koji su nam priredili lijepo i zanimljivo knji\u017eevno ve\u010de. O tome govore i fotografije.<\/p>\n<p style=\"text-align: justify;\"><a href=\"http:\/\/osmbklj.edu.ba\/wp-content\/uploads\/2015\/11\/oktobar-mjesec-knjige.jpg\"><img loading=\"lazy\" decoding=\"async\" class=\"alignnone size-thumbnail wp-image-1168\" src=\"http:\/\/osmbklj.edu.ba\/wp-content\/uploads\/2015\/11\/oktobar-mjesec-knjige-150x150.jpg\" alt=\"OKTOBAR - MJESEC KNJIGE\" width=\"150\" height=\"150\" \/><\/a><a href=\"http:\/\/osmbklj.edu.ba\/wp-content\/uploads\/2015\/11\/oktobar-mjesec-knjige-2.jpg\"><img loading=\"lazy\" decoding=\"async\" class=\"alignnone size-thumbnail wp-image-1169\" src=\"http:\/\/osmbklj.edu.ba\/wp-content\/uploads\/2015\/11\/oktobar-mjesec-knjige-2-150x150.jpg\" alt=\"OKTOBAR - MJESEC KNJIGE 1\" width=\"150\" height=\"150\" \/><\/a><a href=\"http:\/\/osmbklj.edu.ba\/wp-content\/uploads\/2015\/11\/oktobar-mjesec-knjige-3.jpg\"><img loading=\"lazy\" decoding=\"async\" class=\"alignnone size-thumbnail wp-image-1170\" src=\"http:\/\/osmbklj.edu.ba\/wp-content\/uploads\/2015\/11\/oktobar-mjesec-knjige-3-150x150.jpg\" alt=\"OKTOBAR - MJESEC KNJIGE 2\" width=\"150\" height=\"150\" \/><\/a><a href=\"http:\/\/osmbklj.edu.ba\/wp-content\/uploads\/2015\/11\/oktobar-mjesec-knjige-4.jpg\"><img loading=\"lazy\" decoding=\"async\" class=\"alignnone size-thumbnail wp-image-1171\" src=\"http:\/\/osmbklj.edu.ba\/wp-content\/uploads\/2015\/11\/oktobar-mjesec-knjige-4-150x150.jpg\" alt=\"OKTOBAR - MJESEC KNJIGE 3\" width=\"150\" height=\"150\" \/><\/a><a href=\"http:\/\/osmbklj.edu.ba\/wp-content\/uploads\/2015\/11\/oktobar-mjesec-knjige-5.jpg\"><img loading=\"lazy\" decoding=\"async\" class=\"alignnone size-thumbnail wp-image-1172\" src=\"http:\/\/osmbklj.edu.ba\/wp-content\/uploads\/2015\/11\/oktobar-mjesec-knjige-5-150x150.jpg\" alt=\"OKTOBAR - MJESEC KNJIGE 4\" width=\"150\" height=\"150\" \/><\/a><a href=\"http:\/\/osmbklj.edu.ba\/wp-content\/uploads\/2015\/11\/oktobar-mjesec-knjige-6.jpg\"><img loading=\"lazy\" decoding=\"async\" class=\"alignnone size-thumbnail wp-image-1173\" src=\"http:\/\/osmbklj.edu.ba\/wp-content\/uploads\/2015\/11\/oktobar-mjesec-knjige-6-150x150.jpg\" alt=\"OKTOBAR - MJESEC KNJIGE 5\" width=\"150\" height=\"150\" \/><\/a><\/p>\n<p style=\"text-align: justify;\">Tako\u0111er smo obilje\u017eili i dan stranih jezika. Na\u0161i u\u010denici su recitovali pjesme na engleskom i njema\u010dkom jeziku.<\/p>\n","protected":false},"excerpt":{"rendered":"<p>Ve\u0107 tradicionalno obilje\u017eavamo Oktobar \u2013 mjesec knjige. Ove godine smo knji\u017eevno ve\u010de posvetili poeziji Mehmedalije Maka Dizdara i Me\u0111unarodnom danu stranih jezika. Istaknuta je i na\u0161a sre\u0107a i zadovoljstvo ponovnim otvaranjen Zemaljskog muzeja poslije tri godine tame i muka. O\u017eivio je poput nekog \u010darobnog mjesta, a ispred njega stoje ste\u0107ci, nadgrobni spomenici srednjovjekovne Bosne. Vje\u010dita<\/p>\n","protected":false},"author":1,"featured_media":1171,"comment_status":"open","ping_status":"open","sticky":false,"template":"","format":"standard","meta":{"footnotes":""},"categories":[21,26],"tags":[],"class_list":["post-1167","post","type-post","status-publish","format-standard","has-post-thumbnail","hentry","category-desavanja","category-projekti"],"_links":{"self":[{"href":"https:\/\/osmbklj.edu.ba\/index.php?rest_route=\/wp\/v2\/posts\/1167","targetHints":{"allow":["GET"]}}],"collection":[{"href":"https:\/\/osmbklj.edu.ba\/index.php?rest_route=\/wp\/v2\/posts"}],"about":[{"href":"https:\/\/osmbklj.edu.ba\/index.php?rest_route=\/wp\/v2\/types\/post"}],"author":[{"embeddable":true,"href":"https:\/\/osmbklj.edu.ba\/index.php?rest_route=\/wp\/v2\/users\/1"}],"replies":[{"embeddable":true,"href":"https:\/\/osmbklj.edu.ba\/index.php?rest_route=%2Fwp%2Fv2%2Fcomments&post=1167"}],"version-history":[{"count":0,"href":"https:\/\/osmbklj.edu.ba\/index.php?rest_route=\/wp\/v2\/posts\/1167\/revisions"}],"wp:featuredmedia":[{"embeddable":true,"href":"https:\/\/osmbklj.edu.ba\/index.php?rest_route=\/wp\/v2\/media\/1171"}],"wp:attachment":[{"href":"https:\/\/osmbklj.edu.ba\/index.php?rest_route=%2Fwp%2Fv2%2Fmedia&parent=1167"}],"wp:term":[{"taxonomy":"category","embeddable":true,"href":"https:\/\/osmbklj.edu.ba\/index.php?rest_route=%2Fwp%2Fv2%2Fcategories&post=1167"},{"taxonomy":"post_tag","embeddable":true,"href":"https:\/\/osmbklj.edu.ba\/index.php?rest_route=%2Fwp%2Fv2%2Ftags&post=1167"}],"curies":[{"name":"wp","href":"https:\/\/api.w.org\/{rel}","templated":true}]}}