{"id":1175,"date":"2015-11-17T20:19:10","date_gmt":"2015-11-17T20:19:10","guid":{"rendered":"http:\/\/osmbklj.edu.ba\/?p=1175"},"modified":"2015-11-17T20:19:10","modified_gmt":"2015-11-17T20:19:10","slug":"knjizevni-karavan-za-osnovce","status":"publish","type":"post","link":"https:\/\/osmbklj.edu.ba\/?p=1175","title":{"rendered":"KNJI\u017dEVNI KARAVAN ZA OSNOVCE"},"content":{"rendered":"<p style=\"text-align: justify;\">Knji\u017eevni karavan za u\u010denike osnovnih \u0161kola je projekat \u010diji je cilj da se u\u010denicima kroz susrete sa piscima knji\u017eevnih djela pribli\u017ei knjiga i \u010ditanje kao trajna i obrazovna kulturna navika. Ovom prilikom iskazali su se knji\u017eevnici Mirsad Be\u0107irba\u0161i\u0107 i Fahrudin Ku\u010duk. Oni su u\u010denicima \u010ditali stihove i dijelove pri\u010da, te razgovarali i odgovarali na pitanja na\u0161ih u\u010denika.<\/p>\n<p style=\"text-align: justify;\"><a href=\"http:\/\/osmbklj.edu.ba\/wp-content\/uploads\/2015\/11\/knjizevni-karavan-za-osnovce.jpg\"><img loading=\"lazy\" decoding=\"async\" class=\"alignnone size-thumbnail wp-image-1190\" src=\"http:\/\/osmbklj.edu.ba\/wp-content\/uploads\/2015\/11\/knjizevni-karavan-za-osnovce-150x150.jpg\" alt=\"KNJI\u017dEVNI KARAVAN ZA OSNOVCE\" width=\"150\" height=\"150\" \/><\/a><a href=\"http:\/\/osmbklj.edu.ba\/wp-content\/uploads\/2015\/11\/knjizevni-karavan-za-osnovce-2.jpg\"><img loading=\"lazy\" decoding=\"async\" class=\"alignnone size-thumbnail wp-image-1191\" src=\"http:\/\/osmbklj.edu.ba\/wp-content\/uploads\/2015\/11\/knjizevni-karavan-za-osnovce-2-150x150.jpg\" alt=\"KNJI\u017dEVNI KARAVAN ZA OSNOVCE 1\" width=\"150\" height=\"150\" \/><\/a><a href=\"http:\/\/osmbklj.edu.ba\/wp-content\/uploads\/2015\/11\/knjizevni-karavan-za-osnovce-3.jpg\"><img loading=\"lazy\" decoding=\"async\" class=\"alignnone size-thumbnail wp-image-1192\" src=\"http:\/\/osmbklj.edu.ba\/wp-content\/uploads\/2015\/11\/knjizevni-karavan-za-osnovce-3-150x150.jpg\" alt=\"KNJI\u017dEVNI KARAVAN ZA OSNOVCE 2\" width=\"150\" height=\"150\" \/><\/a><a href=\"http:\/\/osmbklj.edu.ba\/wp-content\/uploads\/2015\/11\/knjizevni-karavan-za-osnovce-4.jpg\"><img loading=\"lazy\" decoding=\"async\" class=\"alignnone size-thumbnail wp-image-1193\" src=\"http:\/\/osmbklj.edu.ba\/wp-content\/uploads\/2015\/11\/knjizevni-karavan-za-osnovce-4-150x150.jpg\" alt=\"KNJI\u017dEVNI KARAVAN ZA OSNOVCE 3\" width=\"150\" height=\"150\" \/><\/a><a href=\"http:\/\/osmbklj.edu.ba\/wp-content\/uploads\/2015\/11\/knjizevni-karavan-za-osnovce-5.jpg\"><img loading=\"lazy\" decoding=\"async\" class=\"alignnone size-thumbnail wp-image-1194\" src=\"http:\/\/osmbklj.edu.ba\/wp-content\/uploads\/2015\/11\/knjizevni-karavan-za-osnovce-5-150x150.jpg\" alt=\"KNJI\u017dEVNI KARAVAN ZA OSNOVCE 4\" width=\"150\" height=\"150\" \/><\/a><a href=\"http:\/\/osmbklj.edu.ba\/wp-content\/uploads\/2015\/11\/knjizevni-karavan-za-osnovce-6.jpg\"><img loading=\"lazy\" decoding=\"async\" class=\"alignnone size-thumbnail wp-image-1195\" src=\"http:\/\/osmbklj.edu.ba\/wp-content\/uploads\/2015\/11\/knjizevni-karavan-za-osnovce-6-150x150.jpg\" alt=\"KNJI\u017dEVNI KARAVAN ZA OSNOVCE 5\" width=\"150\" height=\"150\" \/><\/a><a href=\"http:\/\/osmbklj.edu.ba\/wp-content\/uploads\/2015\/11\/knjizevni-karavan-za-osnovce-7.jpg\"><img loading=\"lazy\" decoding=\"async\" class=\"alignnone size-thumbnail wp-image-1196\" src=\"http:\/\/osmbklj.edu.ba\/wp-content\/uploads\/2015\/11\/knjizevni-karavan-za-osnovce-7-150x150.jpg\" alt=\"KNJI\u017dEVNI KARAVAN ZA OSNOVCE 6\" width=\"150\" height=\"150\" \/><\/a><\/p>\n","protected":false},"excerpt":{"rendered":"<p>Knji\u017eevni karavan za u\u010denike osnovnih \u0161kola je projekat \u010diji je cilj da se u\u010denicima kroz susrete sa piscima knji\u017eevnih djela pribli\u017ei knjiga i \u010ditanje kao trajna i obrazovna kulturna navika. Ovom prilikom iskazali su se knji\u017eevnici Mirsad Be\u0107irba\u0161i\u0107 i Fahrudin Ku\u010duk. Oni su u\u010denicima \u010ditali stihove i dijelove pri\u010da, te razgovarali i odgovarali na pitanja<\/p>\n","protected":false},"author":1,"featured_media":1190,"comment_status":"closed","ping_status":"closed","sticky":false,"template":"","format":"standard","meta":{"footnotes":""},"categories":[26],"tags":[],"class_list":["post-1175","post","type-post","status-publish","format-standard","has-post-thumbnail","hentry","category-projekti"],"_links":{"self":[{"href":"https:\/\/osmbklj.edu.ba\/index.php?rest_route=\/wp\/v2\/posts\/1175","targetHints":{"allow":["GET"]}}],"collection":[{"href":"https:\/\/osmbklj.edu.ba\/index.php?rest_route=\/wp\/v2\/posts"}],"about":[{"href":"https:\/\/osmbklj.edu.ba\/index.php?rest_route=\/wp\/v2\/types\/post"}],"author":[{"embeddable":true,"href":"https:\/\/osmbklj.edu.ba\/index.php?rest_route=\/wp\/v2\/users\/1"}],"replies":[{"embeddable":true,"href":"https:\/\/osmbklj.edu.ba\/index.php?rest_route=%2Fwp%2Fv2%2Fcomments&post=1175"}],"version-history":[{"count":0,"href":"https:\/\/osmbklj.edu.ba\/index.php?rest_route=\/wp\/v2\/posts\/1175\/revisions"}],"wp:featuredmedia":[{"embeddable":true,"href":"https:\/\/osmbklj.edu.ba\/index.php?rest_route=\/wp\/v2\/media\/1190"}],"wp:attachment":[{"href":"https:\/\/osmbklj.edu.ba\/index.php?rest_route=%2Fwp%2Fv2%2Fmedia&parent=1175"}],"wp:term":[{"taxonomy":"category","embeddable":true,"href":"https:\/\/osmbklj.edu.ba\/index.php?rest_route=%2Fwp%2Fv2%2Fcategories&post=1175"},{"taxonomy":"post_tag","embeddable":true,"href":"https:\/\/osmbklj.edu.ba\/index.php?rest_route=%2Fwp%2Fv2%2Ftags&post=1175"}],"curies":[{"name":"wp","href":"https:\/\/api.w.org\/{rel}","templated":true}]}}