{"id":1211,"date":"2015-11-24T18:18:43","date_gmt":"2015-11-24T18:18:43","guid":{"rendered":"http:\/\/osmbklj.edu.ba\/?p=1211"},"modified":"2015-11-24T18:18:43","modified_gmt":"2015-11-24T18:18:43","slug":"svecanost-povodom-25-novembra","status":"publish","type":"post","link":"https:\/\/osmbklj.edu.ba\/?p=1211","title":{"rendered":"SVE\u010cANOST POVODOM 25. NOVEMBRA"},"content":{"rendered":"<p>SRETAN VAM DAN DR\u017dAVNOSTI<\/p>\n<p><a href=\"http:\/\/osmbklj.edu.ba\/wp-content\/uploads\/2015\/11\/svecanost-povodom-25-novembra.jpg\"><img loading=\"lazy\" decoding=\"async\" class=\"alignnone wp-image-1212\" src=\"http:\/\/osmbklj.edu.ba\/wp-content\/uploads\/2015\/11\/svecanost-povodom-25-novembra-150x150.jpg\" alt=\"SVE\u010cANOST POVODOM 25. NOVEMBRA\" width=\"104\" height=\"104\" \/><\/a> <a href=\"http:\/\/osmbklj.edu.ba\/wp-content\/uploads\/2015\/11\/svecanost-povodom-25-novembra-2.jpg\"><img loading=\"lazy\" decoding=\"async\" class=\"alignnone wp-image-1213\" src=\"http:\/\/osmbklj.edu.ba\/wp-content\/uploads\/2015\/11\/svecanost-povodom-25-novembra-2-150x150.jpg\" alt=\"SVE\u010cANOST POVODOM 25. NOVEMBRA 1\" width=\"104\" height=\"104\" \/><\/a> <a href=\"http:\/\/osmbklj.edu.ba\/wp-content\/uploads\/2015\/11\/svecanost-povodom-25-novembra-3.jpg\"><img loading=\"lazy\" decoding=\"async\" class=\"alignnone wp-image-1214\" src=\"http:\/\/osmbklj.edu.ba\/wp-content\/uploads\/2015\/11\/svecanost-povodom-25-novembra-3-150x150.jpg\" alt=\"SVE\u010cANOST POVODOM 25. NOVEMBRA 2\" width=\"103\" height=\"103\" \/><\/a> <a href=\"http:\/\/osmbklj.edu.ba\/wp-content\/uploads\/2015\/11\/svecanost-povodom-25-novembra-4.jpg\"><img loading=\"lazy\" decoding=\"async\" class=\"alignnone wp-image-1215\" src=\"http:\/\/osmbklj.edu.ba\/wp-content\/uploads\/2015\/11\/svecanost-povodom-25-novembra-4-150x150.jpg\" alt=\"SVE\u010cANOST POVODOM 25. NOVEMBRA 3\" width=\"104\" height=\"104\" \/><\/a> <a href=\"http:\/\/osmbklj.edu.ba\/wp-content\/uploads\/2015\/11\/svecanost-povodom-25-novembra-5.jpg\"><img loading=\"lazy\" decoding=\"async\" class=\"alignnone wp-image-1216\" src=\"http:\/\/osmbklj.edu.ba\/wp-content\/uploads\/2015\/11\/svecanost-povodom-25-novembra-5-150x150.jpg\" alt=\"SVE\u010cANOST POVODOM 25. NOVEMBRA 4\" width=\"104\" height=\"104\" \/><\/a> <a href=\"http:\/\/osmbklj.edu.ba\/wp-content\/uploads\/2015\/11\/svecanost-povodom-25-novembra-6.jpg\"><img loading=\"lazy\" decoding=\"async\" class=\"alignnone wp-image-1217\" src=\"http:\/\/osmbklj.edu.ba\/wp-content\/uploads\/2015\/11\/svecanost-povodom-25-novembra-6-150x150.jpg\" alt=\"SVE\u010cANOST POVODOM 25. NOVEMBRA 5\" width=\"104\" height=\"104\" \/><\/a> <a href=\"http:\/\/osmbklj.edu.ba\/wp-content\/uploads\/2015\/11\/svecanost-povodom-25-novembra-7.jpg\"><img loading=\"lazy\" decoding=\"async\" class=\"alignnone wp-image-1218\" src=\"http:\/\/osmbklj.edu.ba\/wp-content\/uploads\/2015\/11\/svecanost-povodom-25-novembra-7-150x150.jpg\" alt=\"SVE\u010cANOST POVODOM 25. NOVEMBRA 6\" width=\"104\" height=\"104\" \/><\/a><\/p>\n<p>NAKON INTONIRANJA HIMNE NA\u0160E DOMOVINE I POTOM HIMNE NA\u0160E \u0160KOLE PO\u010cEO JE BOGAT KULTURNO &#8211; UMJETNI\u010cKI PROGRAM POSVE\u0106EN OVM BITNOM DATUMU!<\/p>\n<p style=\"text-align: justify;\">Lamija Adilovi\u0107 i Nejla Kasapovi\u0107 imale su privilegiju kao voditeljski par \u010destitati prije svih ovaj dr\u017eavni praznik na\u0161im u\u010denicima, nastavnicima, roditeljima i gostima. Prisutnima se obratila i direktorica sa srda\u010dnom dobrodo\u0161licom i najljep\u0161im \u010destitkama i tom prilikom je uru\u010dila zahvalnicu na\u0161em informati\u010dkom genijalcu Admiru i prijateljima iz kineske ambasade. To je bio znak da sve ta\u010dke mogu redom pred publiku.<\/p>\n<p><a href=\"http:\/\/osmbklj.edu.ba\/wp-content\/uploads\/2015\/11\/svecanost-povodom-25-novembra-8.jpg\"><img loading=\"lazy\" decoding=\"async\" class=\"alignnone size-thumbnail wp-image-1222\" src=\"http:\/\/osmbklj.edu.ba\/wp-content\/uploads\/2015\/11\/svecanost-povodom-25-novembra-8-150x150.jpg\" alt=\"SVE\u010cANOST POVODOM 25. NOVEMBRA 7\" width=\"150\" height=\"150\" \/><\/a> <a href=\"http:\/\/osmbklj.edu.ba\/wp-content\/uploads\/2015\/11\/svecanost-povodom-25-novembra-10.jpg\"><img loading=\"lazy\" decoding=\"async\" class=\"alignnone size-thumbnail wp-image-1224\" src=\"http:\/\/osmbklj.edu.ba\/wp-content\/uploads\/2015\/11\/svecanost-povodom-25-novembra-10-150x150.jpg\" alt=\"SVE\u010cANOST POVODOM 25. NOVEMBRA 9\" width=\"150\" height=\"150\" \/><\/a> <a href=\"http:\/\/osmbklj.edu.ba\/wp-content\/uploads\/2015\/11\/svecanost-povodom-25-novembra-11.jpg\"><img loading=\"lazy\" decoding=\"async\" class=\"alignnone size-thumbnail wp-image-1225\" src=\"http:\/\/osmbklj.edu.ba\/wp-content\/uploads\/2015\/11\/svecanost-povodom-25-novembra-11-150x150.jpg\" alt=\"SVE\u010cANOST POVODOM 25. NOVEMBRA 10\" width=\"150\" height=\"150\" \/><\/a> <a href=\"http:\/\/osmbklj.edu.ba\/wp-content\/uploads\/2015\/11\/svecanost-povodom-25-novembra-12.jpg\"><img loading=\"lazy\" decoding=\"async\" class=\"alignnone size-thumbnail wp-image-1226\" src=\"http:\/\/osmbklj.edu.ba\/wp-content\/uploads\/2015\/11\/svecanost-povodom-25-novembra-12-150x150.jpg\" alt=\"SVE\u010cANOST POVODOM 25. NOVEMBRA 11\" width=\"150\" height=\"150\" \/><\/a> <a href=\"http:\/\/osmbklj.edu.ba\/wp-content\/uploads\/2015\/11\/svecanost-povodom-25-novembra-13.jpg\"><img loading=\"lazy\" decoding=\"async\" class=\"alignnone size-thumbnail wp-image-1227\" src=\"http:\/\/osmbklj.edu.ba\/wp-content\/uploads\/2015\/11\/svecanost-povodom-25-novembra-13-150x150.jpg\" alt=\"SVE\u010cANOST POVODOM 25. NOVEMBRA 12\" width=\"150\" height=\"150\" \/><\/a> <a href=\"http:\/\/osmbklj.edu.ba\/wp-content\/uploads\/2015\/11\/svecanost-povodom-25-novembra-14.jpg\"><img loading=\"lazy\" decoding=\"async\" class=\"alignnone size-thumbnail wp-image-1228\" src=\"http:\/\/osmbklj.edu.ba\/wp-content\/uploads\/2015\/11\/svecanost-povodom-25-novembra-14-150x150.jpg\" alt=\"SVE\u010cANOST POVODOM 25. NOVEMBRA 13\" width=\"150\" height=\"150\" \/><\/a> <a href=\"http:\/\/osmbklj.edu.ba\/wp-content\/uploads\/2015\/11\/svecanost-povodom-25-novembra-15.jpg\"><img loading=\"lazy\" decoding=\"async\" class=\"alignnone size-thumbnail wp-image-1229\" src=\"http:\/\/osmbklj.edu.ba\/wp-content\/uploads\/2015\/11\/svecanost-povodom-25-novembra-15-150x150.jpg\" alt=\"SVE\u010cANOST POVODOM 25. NOVEMBRA 14\" width=\"150\" height=\"150\" \/><\/a> <a href=\"http:\/\/osmbklj.edu.ba\/wp-content\/uploads\/2015\/11\/svecanost-povodom-25-novembra-16.jpg\"><img loading=\"lazy\" decoding=\"async\" class=\"alignnone size-thumbnail wp-image-1230\" src=\"http:\/\/osmbklj.edu.ba\/wp-content\/uploads\/2015\/11\/svecanost-povodom-25-novembra-16-150x150.jpg\" alt=\"SVE\u010cANOST POVODOM 25. NOVEMBRA 15\" width=\"150\" height=\"150\" \/><\/a> <a href=\"http:\/\/osmbklj.edu.ba\/wp-content\/uploads\/2015\/11\/svecanost-povodom-25-novembra-18.jpg\"><img loading=\"lazy\" decoding=\"async\" class=\"alignnone size-thumbnail wp-image-1232\" src=\"http:\/\/osmbklj.edu.ba\/wp-content\/uploads\/2015\/11\/svecanost-povodom-25-novembra-18-150x150.jpg\" alt=\"SVE\u010cANOST POVODOM 25. NOVEMBRA 17\" width=\"150\" height=\"150\" \/><\/a> <a href=\"http:\/\/osmbklj.edu.ba\/wp-content\/uploads\/2015\/11\/svecanost-povodom-25-novembra-19.jpg\"><img loading=\"lazy\" decoding=\"async\" class=\"alignnone size-thumbnail wp-image-1233\" src=\"http:\/\/osmbklj.edu.ba\/wp-content\/uploads\/2015\/11\/svecanost-povodom-25-novembra-19-150x150.jpg\" alt=\"SVE\u010cANOST POVODOM 25. NOVEMBRA 18\" width=\"150\" height=\"150\" \/><\/a><\/p>\n<p style=\"text-align: justify;\">Pjesmu <strong>\u201cBosna\u201d <\/strong>recitovala je Hana Mirvi\u0107, a poslije nje su u\u010denici iz Produ\u017eenog boravka imali izvo\u0111enje svoje pjesmice <strong>\u201cDom\u201d<\/strong>. <em>U\u010denice Dalila Kr\u0161lak, Edna Buza, Sara \u0160piri\u0107 i Ela Alihod\u017ei\u0107 recituju dio pjesme <\/em><strong>\u201cPoruka\u201d<\/strong>. \u0110aci, veseljaci mogu biti lahki kao leptiri, kao ptice koje lete na\u0161om domovinom. Pjesmu <strong>\u201c\u0110ak veseljak\u201d<\/strong> pripremili su u\u010denici I 2 razreda. Njih je pratio recital: <strong>\u201cAko je dijete cvijet, djeca su buket\u201d<\/strong>!<\/p>\n<p style=\"text-align: justify;\">Atmosferu do usijanja doveli su prva\u010di\u010di I 1 sa <strong>\u201cPa\u010diji plesom\u201d<\/strong>. \u010clanovi hora i ritmi\u010dke sekcije ni\u017eih razreda izvode pjesmu <strong>\u201cBolje sutra nama treba\u201d <\/strong>uz izvanredan plesni performans. Ljubav prema Bosni i Hercegovini pokazale su nam u\u010denice Aziza Mira\u0161\u010dija i Lana Grmu\u0161a pjesmom: <strong>\u201cVolim\u201d<\/strong>.<\/p>\n<p style=\"text-align: justify;\">Cristian Bilukalja imao je privilegiju da publiku ponovo uozbilji svojom recitacijom <strong>\u201cTe\u010de rijeka\u201d<\/strong> ba\u0161 kao i Amela Fo\u010do sa pjesmom <strong>\u201cMoja domovina\u201d<\/strong>.<\/p>\n<p><a href=\"http:\/\/osmbklj.edu.ba\/wp-content\/uploads\/2015\/11\/svecanost-povodom-25-novembra-21.jpg\"><img loading=\"lazy\" decoding=\"async\" class=\"alignnone size-thumbnail wp-image-1235\" src=\"http:\/\/osmbklj.edu.ba\/wp-content\/uploads\/2015\/11\/svecanost-povodom-25-novembra-21-150x150.jpg\" alt=\"SVE\u010cANOST POVODOM 25. NOVEMBRA 20\" width=\"150\" height=\"150\" \/><\/a> <a href=\"http:\/\/osmbklj.edu.ba\/wp-content\/uploads\/2015\/11\/svecanost-povodom-25-novembra-22.jpg\"><img loading=\"lazy\" decoding=\"async\" class=\"alignnone size-thumbnail wp-image-1236\" src=\"http:\/\/osmbklj.edu.ba\/wp-content\/uploads\/2015\/11\/svecanost-povodom-25-novembra-22-150x150.jpg\" alt=\"SVE\u010cANOST POVODOM 25. NOVEMBRA 21\" width=\"150\" height=\"150\" \/><\/a> <a href=\"http:\/\/osmbklj.edu.ba\/wp-content\/uploads\/2015\/11\/svecanost-povodom-25-novembra-24.jpg\"><img loading=\"lazy\" decoding=\"async\" class=\"alignnone size-thumbnail wp-image-1238\" src=\"http:\/\/osmbklj.edu.ba\/wp-content\/uploads\/2015\/11\/svecanost-povodom-25-novembra-24-150x150.jpg\" alt=\"SVE\u010cANOST POVODOM 25. NOVEMBRA 23\" width=\"150\" height=\"150\" \/><\/a> <a href=\"http:\/\/osmbklj.edu.ba\/wp-content\/uploads\/2015\/11\/svecanost-povodom-25-novembra-25.jpg\"><img loading=\"lazy\" decoding=\"async\" class=\"alignnone size-thumbnail wp-image-1239\" src=\"http:\/\/osmbklj.edu.ba\/wp-content\/uploads\/2015\/11\/svecanost-povodom-25-novembra-25-150x150.jpg\" alt=\"SVE\u010cANOST POVODOM 25. NOVEMBRA 24\" width=\"150\" height=\"150\" \/><\/a><a href=\"http:\/\/osmbklj.edu.ba\/wp-content\/uploads\/2015\/11\/svecanost-povodom-25-novembra-26.jpg\"><img loading=\"lazy\" decoding=\"async\" class=\"alignnone size-thumbnail wp-image-1247\" src=\"http:\/\/osmbklj.edu.ba\/wp-content\/uploads\/2015\/11\/svecanost-povodom-25-novembra-26-150x150.jpg\" alt=\"SVE\u010cANOST POVODOM 25. NOVEMBRA 25\" width=\"150\" height=\"150\" \/><\/a><\/p>\n<p style=\"text-align: justify;\">Pjesmu: <strong>\u201cU Bosni smo ro\u0111eni mi\u201d<\/strong> otpjevali su \u010dlanovi horske sekcije, a pjesmu \u201cVra\u0107anje Bosni\u201d recitovala je Sara \u0160piri\u0107. Nakon toga voditeljice su se zahvalile svim posjetiocima uz nadu da su u\u017eivali u dana\u0161njem dru\u017eenju.<\/p>\n","protected":false},"excerpt":{"rendered":"<p>SRETAN VAM DAN DR\u017dAVNOSTI NAKON INTONIRANJA HIMNE NA\u0160E DOMOVINE I POTOM HIMNE NA\u0160E \u0160KOLE PO\u010cEO JE BOGAT KULTURNO &#8211; UMJETNI\u010cKI PROGRAM POSVE\u0106EN OVM BITNOM DATUMU! Lamija Adilovi\u0107 i Nejla Kasapovi\u0107 imale su privilegiju kao voditeljski par \u010destitati prije svih ovaj dr\u017eavni praznik na\u0161im u\u010denicima, nastavnicima, roditeljima i gostima. Prisutnima se obratila i direktorica sa srda\u010dnom<\/p>\n","protected":false},"author":1,"featured_media":1213,"comment_status":"closed","ping_status":"closed","sticky":false,"template":"","format":"standard","meta":{"footnotes":""},"categories":[21],"tags":[33],"class_list":["post-1211","post","type-post","status-publish","format-standard","has-post-thumbnail","hentry","category-desavanja","tag-slider"],"_links":{"self":[{"href":"https:\/\/osmbklj.edu.ba\/index.php?rest_route=\/wp\/v2\/posts\/1211","targetHints":{"allow":["GET"]}}],"collection":[{"href":"https:\/\/osmbklj.edu.ba\/index.php?rest_route=\/wp\/v2\/posts"}],"about":[{"href":"https:\/\/osmbklj.edu.ba\/index.php?rest_route=\/wp\/v2\/types\/post"}],"author":[{"embeddable":true,"href":"https:\/\/osmbklj.edu.ba\/index.php?rest_route=\/wp\/v2\/users\/1"}],"replies":[{"embeddable":true,"href":"https:\/\/osmbklj.edu.ba\/index.php?rest_route=%2Fwp%2Fv2%2Fcomments&post=1211"}],"version-history":[{"count":0,"href":"https:\/\/osmbklj.edu.ba\/index.php?rest_route=\/wp\/v2\/posts\/1211\/revisions"}],"wp:featuredmedia":[{"embeddable":true,"href":"https:\/\/osmbklj.edu.ba\/index.php?rest_route=\/wp\/v2\/media\/1213"}],"wp:attachment":[{"href":"https:\/\/osmbklj.edu.ba\/index.php?rest_route=%2Fwp%2Fv2%2Fmedia&parent=1211"}],"wp:term":[{"taxonomy":"category","embeddable":true,"href":"https:\/\/osmbklj.edu.ba\/index.php?rest_route=%2Fwp%2Fv2%2Fcategories&post=1211"},{"taxonomy":"post_tag","embeddable":true,"href":"https:\/\/osmbklj.edu.ba\/index.php?rest_route=%2Fwp%2Fv2%2Ftags&post=1211"}],"curies":[{"name":"wp","href":"https:\/\/api.w.org\/{rel}","templated":true}]}}