{"id":1518,"date":"2016-03-01T12:22:49","date_gmt":"2016-03-01T12:22:49","guid":{"rendered":"http:\/\/osmbklj.edu.ba\/?p=1518"},"modified":"2016-03-01T12:22:49","modified_gmt":"2016-03-01T12:22:49","slug":"svecana-priredba-povodom-1-marta-dana-nezavisnoti","status":"publish","type":"post","link":"https:\/\/osmbklj.edu.ba\/?p=1518","title":{"rendered":"SVE\u010cANA PRIREDBA POVODOM 1. MARTA &#8211; DANA NEZAVISNOSTI"},"content":{"rendered":"<p><strong>DRAGI U\u010cENICI, RODITELJI, SARADNICI, PRIJATELJI I SVI POSJETIOCI NA\u0160EG PORTALA, \u017dELIMO VAM SRETAN DAN NEZAVISNOSTI<\/strong><\/p>\n<p style=\"text-align: justify;\"><img loading=\"lazy\" decoding=\"async\" class=\"wp-image-1533 size-medium alignnone\" src=\"http:\/\/osmbklj.edu.ba\/wp-content\/uploads\/2016\/03\/svecana-priredba-povodom-1-marta-dana-nezavisnosti-2-300x225.jpg\" alt=\"SVE\u010cANA PRIREDBA POVODOM 1. MARTA - DANA NEZAVISNOSTI 1\" width=\"300\" height=\"225\" \/>\u00a0<img loading=\"lazy\" decoding=\"async\" class=\"wp-image-1534 size-medium alignnone\" src=\"http:\/\/osmbklj.edu.ba\/wp-content\/uploads\/2016\/03\/svecana-priredba-povodom-1-marta-dana-nezavisnosti-3-300x225.jpg\" alt=\"SVE\u010cANA PRIREDBA POVODOM 1. MARTA - DANA NEZAVISNOSTI 2\" width=\"300\" height=\"225\" \/><\/p>\n<p style=\"text-align: justify;\">Uo\u010di ovog izuzetno va\u017enog datuma za na\u0161u domovinu, u na\u0161oj \u0161koli je odr\u017eana sve\u010danapriredba sa brojnim gostima. Ta\u010dno u 17.00 sati po\u010dela je sve\u010danost intoniranjem dr\u017eavne himne, a potom su voditeljice, Lamija i Nejla, po\u017eeljele dobrodo\u0161licu svima i red je bio na \u0161kolsku himnu i horsko\u00a0pjevanje o <em>Ljubu\u0161akovoj<\/em> djeci.<\/p>\n<p><img loading=\"lazy\" decoding=\"async\" class=\"alignnone wp-image-1535 size-medium\" src=\"http:\/\/osmbklj.edu.ba\/wp-content\/uploads\/2016\/03\/svecana-priredba-povodom-1-marta-dana-nezavisnosti-4-300x225.jpg\" alt=\"SVE\u010cANA PRIREDBA POVODOM 1. MARTA - DANA NEZAVISNOSTI 3\" width=\"300\" height=\"225\" \/>\u00a0<img loading=\"lazy\" decoding=\"async\" class=\"alignnone wp-image-1537 size-medium\" src=\"http:\/\/osmbklj.edu.ba\/wp-content\/uploads\/2016\/03\/svecana-priredba-povodom-1-marta-dana-nezavisnosti-6-300x225.jpg\" alt=\"SVE\u010cANA PRIREDBA POVODOM 1. MARTA - DANA NEZAVISNOSTI 5\" width=\"300\" height=\"225\" \/><img loading=\"lazy\" decoding=\"async\" class=\"alignnone wp-image-1538 size-medium\" src=\"http:\/\/osmbklj.edu.ba\/wp-content\/uploads\/2016\/03\/svecana-priredba-povodom-1-marta-dana-nezavisnosti-7-300x225.jpg\" alt=\"SVE\u010cANA PRIREDBA POVODOM 1. MARTA - DANA NEZAVISNOSTI 6\" width=\"300\" height=\"225\" \/>\u00a0<img loading=\"lazy\" decoding=\"async\" class=\"alignnone wp-image-1539 size-medium\" src=\"http:\/\/osmbklj.edu.ba\/wp-content\/uploads\/2016\/03\/svecana-priredba-povodom-1-marta-dana-nezavisnosti-8-300x225.jpg\" alt=\"SVE\u010cANA PRIREDBA POVODOM 1. MARTA - DANA NEZAVISNOSTI 7\" width=\"300\" height=\"225\" \/><\/p>\n<p>Prigodan referat nosio je sa sobom brojne informacije:<\/p>\n<p style=\"text-align: justify;\"><img loading=\"lazy\" decoding=\"async\" class=\" wp-image-1524 alignleft\" src=\"http:\/\/osmbklj.edu.ba\/wp-content\/uploads\/2016\/03\/svecana-priredba-povodom-1-marta-dana-nezavisnoti-3-150x150.jpg\" alt=\"SVE\u010cANA PRIREDBA POVODOM 1. MARTA - DANA NEZAVISNOTI 1\" width=\"225\" height=\"225\" \/>Prvog marta 1992. godine gra\u0111ani na\u0161e dr\u017eave su se opredijelili za nezavisnost Bosne i Hercegovine. Tog dana 1992. godine 64 posto gra\u0111ana Bosne i Hercegovine potvrdno je odgovorilo na referendumsko pitanje\u00a0 da Bosna i Hercegovina bude nezavisna dr\u017eava svih njenih gra\u0111ana i ravnopravnih naroda.<\/p>\n<p style=\"text-align: justify;\">Na nezavisnu Bosnu i Hercegovinu izvr\u0161ena je agresija 1992-1995. U toku agresije planski je uni\u0161tavana jedna europska nacija i izvr\u0161en\u00a0 genocid nad Bo\u0161njacima. Vi\u0161e od <strong>dva milona<\/strong> gra\u0111ana Bosne i Hercegovine je raseljeno u vi\u0161e od \u00a0<strong>100 <\/strong>zemalja svijeta.<\/p>\n<p style=\"text-align: justify;\">Rat, agresija, ratne strahote i njihovi tragovi nisu prekrili sjaj i ljepotu jedine nam domovine<img loading=\"lazy\" decoding=\"async\" class=\"wp-image-1536 size-medium alignright\" src=\"http:\/\/osmbklj.edu.ba\/wp-content\/uploads\/2016\/03\/svecana-priredba-povodom-1-marta-dana-nezavisnosti-5-300x225.jpg\" alt=\"SVE\u010cANA PRIREDBA POVODOM 1. MARTA - DANA NEZAVISNOSTI 4\" width=\"300\" height=\"225\" \/> Bosne i Hercegovine. Iza u\u017easnih ratnih zlo\u010dina, zlo\u010dina protiv \u010dovje\u010dnosti, genocida, koncentracionih logora smrti, silovanja i nasilnih protjerivanja koji su godinama izazivali patnju na\u0161ih ljudi, a tugu i zgra\u017eavanja\u00a0 gra\u0111ana svijeta. I dalje traje neuni\u0161tiva ideja Bosne i Hercegovine, oli\u010dena u njenim stalno aktuelnim historijskim vrijednostima, prepoznatljiva po ljudskosti njenih dobrih ljudi i ljepoti njene prirode. Bosna i Hercegovina je kroz historiju napadana i u isto vrijeme je istrajavala na zajedni\u010dkom \u017eivotu i ravnopravnosti svih njenih\u00a0 naroda.<\/p>\n<p><strong>NEK NAM JE VJE\u010cNA NA\u0160A JEDINA DOMOVINA BOSNA I HERCEGOVINA!<\/strong><\/p>\n<p style=\"text-align: justify;\">Uslijedili su brojni igrokazi, recitacije, pjesme i plesne koreografije pra\u0107eni ovacijama brojn<img loading=\"lazy\" decoding=\"async\" class=\"size-thumbnail wp-image-1529 alignright\" src=\"http:\/\/osmbklj.edu.ba\/wp-content\/uploads\/2016\/03\/svecana-priredba-povodom-1-marta-dana-nezavisnosti-150x150.jpg\" alt=\"SVE\u010cANA PRIREDBA POVODOM 1. MARTA - DANA NEZAVISNOSTI\" width=\"150\" height=\"150\" \/>e\u00a0publike. \u010cuo se spjev\u00a0<strong>&#8220;Mojoj domovini&#8221;<\/strong>,\u00a0<strong>&#8220;Srebren govor&#8221;\u00a0<\/strong>kroz recitaciju,\u00a0<strong>&#8220;Srebreni\u010dki inferno&#8221;<\/strong> na\u0161eg hora,\u00a0<strong>&#8220;Te\u010de rijeka&#8221;<\/strong> pjesma u recitaciji; plesalo se i pjevalo uz kompozicije\u00a0<strong>&#8220;Djeca su vojska najja\u010da&#8221;<\/strong>,\u00a0<strong>&#8220;Ja sam Bosanac&#8221;<\/strong>,\u00a0<strong>&#8220;Djeca ljubavi i mira&#8221;<\/strong>,\u00a0<strong>&#8220;U Bosni smo ro\u0111eni mi&#8221;<\/strong>, a \u010dak je i Pipi Duga \u010carapa na\u0161oj domovini u \u010dast pripremila igrokaz\u00a0<strong>&#8220;Pipi u Bosni i Hercegovini&#8221;<\/strong> sa sevdalinkom Kad ja po\u0111oh na bemba\u0161u.<\/p>\n","protected":false},"excerpt":{"rendered":"<p>DRAGI U\u010cENICI, RODITELJI, SARADNICI, PRIJATELJI I SVI POSJETIOCI NA\u0160EG PORTALA, \u017dELIMO VAM SRETAN DAN NEZAVISNOSTI \u00a0 Uo\u010di ovog izuzetno va\u017enog datuma za na\u0161u domovinu, u na\u0161oj \u0161koli je odr\u017eana sve\u010danapriredba sa brojnim gostima. Ta\u010dno u 17.00 sati po\u010dela je sve\u010danost intoniranjem dr\u017eavne himne, a potom su voditeljice, Lamija i Nejla, po\u017eeljele dobrodo\u0161licu svima i red<\/p>\n","protected":false},"author":1,"featured_media":1521,"comment_status":"open","ping_status":"open","sticky":false,"template":"","format":"standard","meta":{"footnotes":""},"categories":[21],"tags":[33],"class_list":["post-1518","post","type-post","status-publish","format-standard","has-post-thumbnail","hentry","category-desavanja","tag-slider"],"_links":{"self":[{"href":"https:\/\/osmbklj.edu.ba\/index.php?rest_route=\/wp\/v2\/posts\/1518","targetHints":{"allow":["GET"]}}],"collection":[{"href":"https:\/\/osmbklj.edu.ba\/index.php?rest_route=\/wp\/v2\/posts"}],"about":[{"href":"https:\/\/osmbklj.edu.ba\/index.php?rest_route=\/wp\/v2\/types\/post"}],"author":[{"embeddable":true,"href":"https:\/\/osmbklj.edu.ba\/index.php?rest_route=\/wp\/v2\/users\/1"}],"replies":[{"embeddable":true,"href":"https:\/\/osmbklj.edu.ba\/index.php?rest_route=%2Fwp%2Fv2%2Fcomments&post=1518"}],"version-history":[{"count":0,"href":"https:\/\/osmbklj.edu.ba\/index.php?rest_route=\/wp\/v2\/posts\/1518\/revisions"}],"wp:featuredmedia":[{"embeddable":true,"href":"https:\/\/osmbklj.edu.ba\/index.php?rest_route=\/"}],"wp:attachment":[{"href":"https:\/\/osmbklj.edu.ba\/index.php?rest_route=%2Fwp%2Fv2%2Fmedia&parent=1518"}],"wp:term":[{"taxonomy":"category","embeddable":true,"href":"https:\/\/osmbklj.edu.ba\/index.php?rest_route=%2Fwp%2Fv2%2Fcategories&post=1518"},{"taxonomy":"post_tag","embeddable":true,"href":"https:\/\/osmbklj.edu.ba\/index.php?rest_route=%2Fwp%2Fv2%2Ftags&post=1518"}],"curies":[{"name":"wp","href":"https:\/\/api.w.org\/{rel}","templated":true}]}}