{"id":1548,"date":"2016-03-03T14:49:09","date_gmt":"2016-03-03T14:49:09","guid":{"rendered":"http:\/\/osmbklj.edu.ba\/?p=1548"},"modified":"2016-03-03T14:49:09","modified_gmt":"2016-03-03T14:49:09","slug":"takmicenje-u-organizaciji-muzeja-alija-izetbegovic","status":"publish","type":"post","link":"https:\/\/osmbklj.edu.ba\/?p=1548","title":{"rendered":"TAKMI\u010cENJE U ORGANIZACIJI MUZEJA ALIJA IZETBEGOVI\u0106"},"content":{"rendered":"<pre style=\"text-align: justify;\"><span style=\"color: #000080;\">\u00a0<\/span><\/pre>\n<h4 style=\"text-align: justify;\">U organizaciji Muzeja \u201eAlija Izetbegovi\u0107\u201c u Sarajevu, 02.03.2016. god. odr\u017eana je sve\u010dana dodjela nagrada i priznanja najuspje\u0161nijim autorima literarnih i likovnih radova pod nazivom \u201eNebojte se, bit \u0107e Bosne &#8230;\u201c. Na konkurs je pristiglo 212 radova, a na\u0161i u\u010denici: Nejra Adilovi\u0107, Eman Boloban i Kerim Rami\u0107 su dobili priznanja za likovne radove. Obradovani su i poklonima: knjige, katalozi sa radovima i selfi \u0161tapom.<\/h4>\n<h4 style=\"text-align: justify;\"><img loading=\"lazy\" decoding=\"async\" class=\"alignnone wp-image-1558 size-medium\" src=\"http:\/\/osmbklj.edu.ba\/wp-content\/uploads\/2016\/03\/takmicenje-u-organizaciji-muzeja-alija-izetbegovic-6-198x300.jpg\" alt=\"TAKMI\u010cENJE U ORGANIZACIJI MUZEJA ALIJA IZETBEGOVI\u0106 5\" width=\"198\" height=\"300\" \/> <img loading=\"lazy\" decoding=\"async\" class=\"alignnone wp-image-1557 size-medium\" src=\"http:\/\/osmbklj.edu.ba\/wp-content\/uploads\/2016\/03\/takmicenje-u-organizaciji-muzeja-alija-izetbegovic-5-300x198.jpg\" alt=\"TAKMI\u010cENJE U ORGANIZACIJI MUZEJA ALIJA IZETBEGOVI\u0106 4\" width=\"300\" height=\"198\" \/> <img loading=\"lazy\" decoding=\"async\" class=\"alignnone wp-image-1555 size-medium\" src=\"http:\/\/osmbklj.edu.ba\/wp-content\/uploads\/2016\/03\/takmicenje-u-organizaciji-muzeja-alija-izetbegovic-3-198x300.jpg\" alt=\"TAKMI\u010cENJE U ORGANIZACIJI MUZEJA ALIJA IZETBEGOVI\u0106 2\" width=\"198\" height=\"300\" \/><\/h4>\n<h4 style=\"text-align: justify;\">Muzej \u201eAlija Izetbegovi\u0107\u201c ve\u0107 tradicionalno organizuje sve\u010danu manifestaciju povodom Dana nezavisnosti Bosne i Hercegovine na kojoj se dodijeljelju zahvalnice i priznanja \u0161kolama, nastavnicima i u\u010denicima koji su se najvi\u0161e istakli u interaktivnim muzejskim radionicama.<\/h4>\n<p><a href=\"https:\/\/www.facebook.com\/335549496529523\/photos\/ms.c.eJw1y9kRwFAIQtGOMgZxof~;Gsvj8PMNFJMqcLVllXBojMorOY~;S4d284aNqe9v9DY3i~_u7fqmPcY6~;r6iHX4b~_ZaY1tPTzxPRiPZ.bps.a.944270245657442.1073741928.335549496529523\/944270348990765\/?type=3&amp;theater\">PRO\u010cITAJTE NAJUSPJE\u0160NIJE RADOVE<\/a><\/p>\n<p><img loading=\"lazy\" decoding=\"async\" class=\"alignnone wp-image-1549 size-medium\" src=\"http:\/\/osmbklj.edu.ba\/wp-content\/uploads\/2016\/03\/takmicenje-u-organizaciji-muzeja-alija-izetbegovic-300x200.jpg\" alt=\"TAKMI\u010cENJE U ORGANIZACIJI MUZEJA ALIJA IZETBEGOVI\u0106\" width=\"300\" height=\"200\" \/> <img loading=\"lazy\" decoding=\"async\" class=\"alignnone wp-image-1550 size-medium\" src=\"http:\/\/osmbklj.edu.ba\/wp-content\/uploads\/2016\/03\/takmicenje-u-organizaciji-muzeja-alija-izetbegovic-2-300x200.jpg\" alt=\"TAKMI\u010cENJE U ORGANIZACIJI MUZEJA ALIJA IZETBEGOVI\u0106 1\" width=\"300\" height=\"200\" \/><\/p>\n<h4 style=\"text-align: justify;\"><img loading=\"lazy\" decoding=\"async\" class=\"alignnone wp-image-1556 size-medium\" src=\"http:\/\/osmbklj.edu.ba\/wp-content\/uploads\/2016\/03\/takmicenje-u-organizaciji-muzeja-alija-izetbegovic-4-300x198.jpg\" alt=\"TAKMI\u010cENJE U ORGANIZACIJI MUZEJA ALIJA IZETBEGOVI\u0106 3\" width=\"300\" height=\"198\" \/>\u00a0<img loading=\"lazy\" decoding=\"async\" class=\"alignnone wp-image-1567 size-medium\" src=\"http:\/\/osmbklj.edu.ba\/wp-content\/uploads\/2016\/03\/takmicenje-u-organizaciji-muzeja-alija-izetbegovic-7-300x199.jpg\" alt=\"TAKMI\u010cENJE U ORGANIZACIJI MUZEJA ALIJA IZETBEGOVI\u0106 6\" width=\"300\" height=\"199\" \/><\/h4>\n<h4 style=\"text-align: justify;\">Uvertira u ovaj doga\u0111aj bila je promocija knjiga &#8220;Mislilac i dr\u017eavnik Alija Izetbegovi\u0107&#8221; autora Fikreta Muslimovi\u0107a i Selme Cikoti\u0107a u sarajevskoj Vije\u0107nici u okviru 1.marta, Dana nezavisnosti BiH. Promotori knjige, Stjepan Mesi\u0107, biv\u0161i predsjednik Hrvatske, Mirko Pejanovi\u0107, biv\u0161i \u010dlan ratnog Predsjedni\u0161tva Republike BiH, te Hilmo Neimarlija i Mustafa Spahi\u0107, saradnici predsjednika Alije Izetbegovi\u0107a.<\/h4>\n<p><img loading=\"lazy\" decoding=\"async\" class=\"alignnone wp-image-1568 size-medium\" src=\"http:\/\/osmbklj.edu.ba\/wp-content\/uploads\/2016\/03\/takmicenje-u-organizaciji-muzeja-alija-izetbegovic-8-300x225.jpg\" alt=\"TAKMI\u010cENJE U ORGANIZACIJI MUZEJA ALIJA IZETBEGOVI\u0106 7\" width=\"300\" height=\"225\" \/> <img loading=\"lazy\" decoding=\"async\" class=\"alignnone wp-image-1569 size-medium\" src=\"http:\/\/osmbklj.edu.ba\/wp-content\/uploads\/2016\/03\/takmicenje-u-organizaciji-muzeja-alija-izetbegovic-9-300x225.jpg\" alt=\"TAKMI\u010cENJE U ORGANIZACIJI MUZEJA ALIJA IZETBEGOVI\u0106 8\" width=\"300\" height=\"225\" \/><\/p>\n","protected":false},"excerpt":{"rendered":"<p>\u00a0 U organizaciji Muzeja \u201eAlija Izetbegovi\u0107\u201c u Sarajevu, 02.03.2016. god. odr\u017eana je sve\u010dana dodjela nagrada i priznanja najuspje\u0161nijim autorima literarnih i likovnih radova pod nazivom \u201eNebojte se, bit \u0107e Bosne &#8230;\u201c. Na konkurs je pristiglo 212 radova, a na\u0161i u\u010denici: Nejra Adilovi\u0107, Eman Boloban i Kerim Rami\u0107 su dobili priznanja za likovne radove. Obradovani su<\/p>\n","protected":false},"author":1,"featured_media":1549,"comment_status":"open","ping_status":"open","sticky":false,"template":"","format":"standard","meta":{"footnotes":""},"categories":[30],"tags":[33],"class_list":["post-1548","post","type-post","status-publish","format-standard","has-post-thumbnail","hentry","category-vijesti","tag-slider"],"_links":{"self":[{"href":"https:\/\/osmbklj.edu.ba\/index.php?rest_route=\/wp\/v2\/posts\/1548","targetHints":{"allow":["GET"]}}],"collection":[{"href":"https:\/\/osmbklj.edu.ba\/index.php?rest_route=\/wp\/v2\/posts"}],"about":[{"href":"https:\/\/osmbklj.edu.ba\/index.php?rest_route=\/wp\/v2\/types\/post"}],"author":[{"embeddable":true,"href":"https:\/\/osmbklj.edu.ba\/index.php?rest_route=\/wp\/v2\/users\/1"}],"replies":[{"embeddable":true,"href":"https:\/\/osmbklj.edu.ba\/index.php?rest_route=%2Fwp%2Fv2%2Fcomments&post=1548"}],"version-history":[{"count":0,"href":"https:\/\/osmbklj.edu.ba\/index.php?rest_route=\/wp\/v2\/posts\/1548\/revisions"}],"wp:featuredmedia":[{"embeddable":true,"href":"https:\/\/osmbklj.edu.ba\/index.php?rest_route=\/"}],"wp:attachment":[{"href":"https:\/\/osmbklj.edu.ba\/index.php?rest_route=%2Fwp%2Fv2%2Fmedia&parent=1548"}],"wp:term":[{"taxonomy":"category","embeddable":true,"href":"https:\/\/osmbklj.edu.ba\/index.php?rest_route=%2Fwp%2Fv2%2Fcategories&post=1548"},{"taxonomy":"post_tag","embeddable":true,"href":"https:\/\/osmbklj.edu.ba\/index.php?rest_route=%2Fwp%2Fv2%2Ftags&post=1548"}],"curies":[{"name":"wp","href":"https:\/\/api.w.org\/{rel}","templated":true}]}}