{"id":1674,"date":"2016-04-06T19:44:25","date_gmt":"2016-04-06T19:44:25","guid":{"rendered":"http:\/\/osmbklj.edu.ba\/?p=1674"},"modified":"2016-04-06T19:44:25","modified_gmt":"2016-04-06T19:44:25","slug":"6-april","status":"publish","type":"post","link":"https:\/\/osmbklj.edu.ba\/?p=1674","title":{"rendered":"6. APRIL"},"content":{"rendered":"<p>SRETAN TI RO\u0110ENDAN VOLJENI GRADE<\/p>\n<p>Dan grada Sarajeva!<\/p>\n<p style=\"text-align: justify;\">Danas je 6 &#8211; ti april \u2013 Dan oslobo\u0111enja na\u0161eg grada. Prije 71 godinu, na ovaj dan jedinice narodnooslobodila\u010dke vojske oslobodile su Sarajevo od fa\u0161isti\u010dkih okupatora. Bio je to kraj jo\u0161 jedne borbe za opstanak i pre\u017eivljavanje i jo\u0161 jedna pobjeda Sarajlija.<\/p>\n<p style=\"text-align: justify;\">Sarajevo ima svoju pro\u0161lost, dugu\u00a0 pri\u010du ispri\u010danu od mla\u0111eg kamenog doba, Rimljana, osmanskog i austrijskog perioda, pa do modernog doba. Pri\u010daju je spomenici svih vremena i stilova, crkve, sinagoge, d\u017eamije&#8230; Uski krivudavi kaldrmisani sokaci, mostovi, \u010desme, parkovi. Grad je ovo i buna i ratova, osvaja\u010da koji su ga pusto\u0161ili i razarali, ali on se ponovo ra\u0111ao, uzdizao i obnavljao.<\/p>\n<p style=\"text-align: justify;\">\u0160esti april je datum koji podsje\u0107a na najte\u017ee dane u historiji na\u0161eg grada. Aprilskim ratom 1941. godine Sarajevo se na\u0161lo u sredi\u0161tu tragi\u010dnih ratnih zbivanja. U \u010detverogodi\u0161njoj borbi na\u0161ih naroda protiv fa\u0161ista i njihovih pomaga\u010da u najte\u017eim uslovima okupacije ostao je nepokoren grad. Bilo je centar antifa\u0161isti\u010dke borbe i ilegalnog pokreta. U ratu za oslobo\u0111enje zemlje poginuo 10 961 gra\u0111anin Sarajeva, 12, 8 % njegovog stanovni\u0161tva, a oko 1500 poginulo je u jedinicama narodnooslobodila\u010dke vojske na boji\u0161tima \u0161irom zemlje.<\/p>\n<p style=\"text-align: justify;\">Na\u017ealost, grad Sarajevo i njegovi gra\u0111ani pamte jo\u0161 jedan 6 &#8211; april &#8211; 1992. godine, po\u010detak agresije na na\u0161u zemlju. Ni \u010detverogodi\u0161nja opsada, artiljerijska i snajperska paljba, nedostatak vode, struje, hrane, nisu ga uspjeli slomiti. Sarajevo je potvrdilo svoju antifa\u0161isti\u010dku opredjeljenost. Ostao je jedinstven i slobodan grad, grad tolerancije, pa\u017enje i uva\u017eavanja!!!<\/p>\n<p style=\"text-align: center;\">____________________________________________________<em>VEZANA VIJEST<\/em>______________________________________________________<\/p>\n<p style=\"text-align: justify;\">Bio je ovo pravi povod za organizaciju \u0161ahovskog turnira u\u010denika osnovnih \u0161kola. Za doma\u0107ina se svojevoljno ponudio \u0160K &#8220;Stari grad&#8221; i bio pravi doma\u0107in za dvadeset ekipa. Sve je pripremljeno u hotelu Saraj. Pokrovitelj je bio Grad Sarajevo. Igralo se u pet kola sa \u0161est takmi\u010dara gdje je ovaj posljednji bio rezerva ili bolje re\u0107i d\u017eoker igra\u010d. Na\u0161 tim se plasirao u drugu polovinu, a nastupili smo u sastavu: Lamija Adilovi\u0107, Nino Lagumd\u017eija, Adin Alispahi\u0107, Faris Meri\u0107 i Nihad Mand\u017eo. \u010cestitamo u\u010denicima i nastavnici Jasmini koja ih je pripremala.<\/p>\n<p style=\"text-align: justify;\"><img loading=\"lazy\" decoding=\"async\" class=\"alignnone wp-image-1677 size-medium\" src=\"http:\/\/osmbklj.edu.ba\/wp-content\/uploads\/2016\/04\/6-april-2-300x169.jpg\" alt=\"6. APRIL\" width=\"300\" height=\"169\" \/> <img loading=\"lazy\" decoding=\"async\" class=\"alignnone wp-image-1678 size-medium\" src=\"http:\/\/osmbklj.edu.ba\/wp-content\/uploads\/2016\/04\/6-april-3-300x169.jpg\" alt=\"6. APRIL 1\" width=\"300\" height=\"169\" \/><\/p>\n<p style=\"text-align: justify;\"><img loading=\"lazy\" decoding=\"async\" class=\"alignnone wp-image-1679 size-medium\" src=\"http:\/\/osmbklj.edu.ba\/wp-content\/uploads\/2016\/04\/6-april-4-225x300.jpg\" alt=\"6. APRIL 2\" width=\"225\" height=\"300\" \/><\/p>\n","protected":false},"excerpt":{"rendered":"<p>SRETAN TI RO\u0110ENDAN VOLJENI GRADE Dan grada Sarajeva! Danas je 6 &#8211; ti april \u2013 Dan oslobo\u0111enja na\u0161eg grada. Prije 71 godinu, na ovaj dan jedinice narodnooslobodila\u010dke vojske oslobodile su Sarajevo od fa\u0161isti\u010dkih okupatora. Bio je to kraj jo\u0161 jedne borbe za opstanak i pre\u017eivljavanje i jo\u0161 jedna pobjeda Sarajlija. Sarajevo ima svoju pro\u0161lost, dugu\u00a0<\/p>\n","protected":false},"author":1,"featured_media":1679,"comment_status":"open","ping_status":"open","sticky":false,"template":"","format":"standard","meta":{"footnotes":""},"categories":[21],"tags":[33],"class_list":["post-1674","post","type-post","status-publish","format-standard","has-post-thumbnail","hentry","category-desavanja","tag-slider"],"_links":{"self":[{"href":"https:\/\/osmbklj.edu.ba\/index.php?rest_route=\/wp\/v2\/posts\/1674","targetHints":{"allow":["GET"]}}],"collection":[{"href":"https:\/\/osmbklj.edu.ba\/index.php?rest_route=\/wp\/v2\/posts"}],"about":[{"href":"https:\/\/osmbklj.edu.ba\/index.php?rest_route=\/wp\/v2\/types\/post"}],"author":[{"embeddable":true,"href":"https:\/\/osmbklj.edu.ba\/index.php?rest_route=\/wp\/v2\/users\/1"}],"replies":[{"embeddable":true,"href":"https:\/\/osmbklj.edu.ba\/index.php?rest_route=%2Fwp%2Fv2%2Fcomments&post=1674"}],"version-history":[{"count":0,"href":"https:\/\/osmbklj.edu.ba\/index.php?rest_route=\/wp\/v2\/posts\/1674\/revisions"}],"wp:featuredmedia":[{"embeddable":true,"href":"https:\/\/osmbklj.edu.ba\/index.php?rest_route=\/"}],"wp:attachment":[{"href":"https:\/\/osmbklj.edu.ba\/index.php?rest_route=%2Fwp%2Fv2%2Fmedia&parent=1674"}],"wp:term":[{"taxonomy":"category","embeddable":true,"href":"https:\/\/osmbklj.edu.ba\/index.php?rest_route=%2Fwp%2Fv2%2Fcategories&post=1674"},{"taxonomy":"post_tag","embeddable":true,"href":"https:\/\/osmbklj.edu.ba\/index.php?rest_route=%2Fwp%2Fv2%2Ftags&post=1674"}],"curies":[{"name":"wp","href":"https:\/\/api.w.org\/{rel}","templated":true}]}}