{"id":1780,"date":"2016-04-27T10:52:01","date_gmt":"2016-04-27T10:52:01","guid":{"rendered":"http:\/\/osmbklj.edu.ba\/?p=1780"},"modified":"2016-04-27T10:52:01","modified_gmt":"2016-04-27T10:52:01","slug":"tuzna-godisnjica-u-jukicevoj-ulici","status":"publish","type":"post","link":"https:\/\/osmbklj.edu.ba\/?p=1780","title":{"rendered":"TU\u017dNA GODI\u0160NJICA U JUKI\u0106EVOJ ULICI"},"content":{"rendered":"<p style=\"text-align: justify;\">U\u010denici \u010detvrtih razreda sa svojim u\u010diteljicama, Munirom i Belmom i \u010dlanovima Udru\u017eenja roditelja ubijene djece opkoljenog Sarajeva 92-95, \u010dlanovima porodica ubijenih, gra\u0111anima Sarajeva, predstavnicima op\u0107ine Centar polo\u017eili su cvije\u0107e, vijence na spomen-obilje\u017eju trojici ubijenih dje\u010daka.\u00a0Fikret Grabovica, predsjednik Udru\u017eenja roditelja ubijene djece opkoljenog Sarajeva 92-95, podsjetio nas je na dana\u0161nji dan 1993. godine kada su ubijena tri dje\u010daka. Sama pomisao da su u jednom trenu ubijena tri nevina bi\u0107a izaziva muk i jezu. Tog dana su bili u napu\u0161tenom vozilu, najvjerovatnije su sanjali kako \u0107e jednog dana da voze, me\u0111utim zlo\u010dinci su granatom prekinuli njihove snove, istakao je izme\u0111u ostalog gosp. Grabovica.<\/p>\n<p style=\"text-align: justify;\"><img loading=\"lazy\" decoding=\"async\" class=\"alignnone wp-image-1783 size-full\" src=\"http:\/\/osmbklj.edu.ba\/wp-content\/uploads\/2016\/04\/tuzna-godisnjica-u-jukicevoj-ulici-3.jpg\" alt=\"TU\u017dNA GODI\u0160NJICA U JUKI\u0106EVOJ ULICI 1\" width=\"750\" height=\"500\" \/><\/p>\n<p style=\"text-align: justify;\">Dje\u010daci: Sakib Smajevi\u0107 (15), Vedran Milas (13) i Amel Tarahija (13) na dana\u0161nji dan 1993. godine tragi\u010dno su stradali u igri u padu granate u sarajevskoj ulici Juki\u0107eva br. 132. Na tu\u017enu godi\u0161njicu njihove smrti odata im je po\u010dast na mjestu pogibije.<\/p>\n<p style=\"text-align: justify;\"><img loading=\"lazy\" decoding=\"async\" class=\"alignnone wp-image-1787 size-full\" src=\"http:\/\/osmbklj.edu.ba\/wp-content\/uploads\/2016\/04\/tuzna-godisnjica-u-jukicevoj-ulici-5.jpg\" alt=\"TU\u017dNA GODI\u0160NJICA U JUKI\u0106EVOJ ULICI 3\" width=\"863\" height=\"485\" \/><\/p>\n","protected":false},"excerpt":{"rendered":"<p>U\u010denici \u010detvrtih razreda sa svojim u\u010diteljicama, Munirom i Belmom i \u010dlanovima Udru\u017eenja roditelja ubijene djece opkoljenog Sarajeva 92-95, \u010dlanovima porodica ubijenih, gra\u0111anima Sarajeva, predstavnicima op\u0107ine Centar polo\u017eili su cvije\u0107e, vijence na spomen-obilje\u017eju trojici ubijenih dje\u010daka.\u00a0Fikret Grabovica, predsjednik Udru\u017eenja roditelja ubijene djece opkoljenog Sarajeva 92-95, podsjetio nas je na dana\u0161nji dan 1993. godine kada su ubijena<\/p>\n","protected":false},"author":1,"featured_media":1785,"comment_status":"open","ping_status":"open","sticky":false,"template":"","format":"standard","meta":{"footnotes":""},"categories":[21],"tags":[33],"class_list":["post-1780","post","type-post","status-publish","format-standard","has-post-thumbnail","hentry","category-desavanja","tag-slider"],"_links":{"self":[{"href":"https:\/\/osmbklj.edu.ba\/index.php?rest_route=\/wp\/v2\/posts\/1780","targetHints":{"allow":["GET"]}}],"collection":[{"href":"https:\/\/osmbklj.edu.ba\/index.php?rest_route=\/wp\/v2\/posts"}],"about":[{"href":"https:\/\/osmbklj.edu.ba\/index.php?rest_route=\/wp\/v2\/types\/post"}],"author":[{"embeddable":true,"href":"https:\/\/osmbklj.edu.ba\/index.php?rest_route=\/wp\/v2\/users\/1"}],"replies":[{"embeddable":true,"href":"https:\/\/osmbklj.edu.ba\/index.php?rest_route=%2Fwp%2Fv2%2Fcomments&post=1780"}],"version-history":[{"count":0,"href":"https:\/\/osmbklj.edu.ba\/index.php?rest_route=\/wp\/v2\/posts\/1780\/revisions"}],"wp:featuredmedia":[{"embeddable":true,"href":"https:\/\/osmbklj.edu.ba\/index.php?rest_route=\/"}],"wp:attachment":[{"href":"https:\/\/osmbklj.edu.ba\/index.php?rest_route=%2Fwp%2Fv2%2Fmedia&parent=1780"}],"wp:term":[{"taxonomy":"category","embeddable":true,"href":"https:\/\/osmbklj.edu.ba\/index.php?rest_route=%2Fwp%2Fv2%2Fcategories&post=1780"},{"taxonomy":"post_tag","embeddable":true,"href":"https:\/\/osmbklj.edu.ba\/index.php?rest_route=%2Fwp%2Fv2%2Ftags&post=1780"}],"curies":[{"name":"wp","href":"https:\/\/api.w.org\/{rel}","templated":true}]}}