{"id":1791,"date":"2016-04-28T14:11:39","date_gmt":"2016-04-28T14:11:39","guid":{"rendered":"http:\/\/osmbklj.edu.ba\/?p=1791"},"modified":"2016-04-28T14:11:39","modified_gmt":"2016-04-28T14:11:39","slug":"klinci-s-ribnjaka-nakon-ljubljane-beca-rima-i-praga-i-u-sarajevu","status":"publish","type":"post","link":"https:\/\/osmbklj.edu.ba\/?p=1791","title":{"rendered":"&#8220;Klinci s Ribnjaka&#8221; nakon Ljubljane, Be\u010da, Rima i Praga i u Sarajevu"},"content":{"rendered":"<p style=\"text-align: justify;\">U\u00a0srijedu, 4. maja u 17.00 sati u Domu mladih na Skenderiji odr\u017eat \u0107e se ovaj koncert. Koristimo se prilikom da ispred na\u0161e \u0161kole i resornog ministarstva pozovemo najprije u\u010denike 4. 5. i 6. razreda kao i njihove roditelje da posjete ovu sve\u010danost.<\/p>\n<p style=\"text-align: justify;\">Uz poznate hrvatske pjeva\u010de, nastupit \u0107e Adnan i Tarik, mladi pjeva\u010di iz Sarajeva, koji su popularnost stekli u\u010destvuju\u0107i na showu X Factor.<\/p>\n<p style=\"text-align: justify;\"><img loading=\"lazy\" decoding=\"async\" class=\"alignnone wp-image-1792 size-full\" src=\"http:\/\/osmbklj.edu.ba\/wp-content\/uploads\/2016\/04\/klinci-s-ribnjaka-nakon-ljubljane-beca-rima-i-praga-i-u-sarajevu.jpg\" alt=\"&quot;Klinci s Ribnjaka&quot; nakon Ljubljane, Be\u010da, Rima i Praga i u Sarajevu\" width=\"632\" height=\"1000\" \/><\/p>\n<p style=\"text-align: justify;\">Koncert u Sarajevu bi bio sedmi po redu iz ciklusa &#8220;Djeca Hrvatske djeci Europe&#8221;, koji je zapo\u010deo 2011. godine, a u sklopu kojeg su <em>Klinci s Ribnjaka<\/em> nastupali u Ljubljani, Rimu, Be\u010du, Budimpe\u0161ti, Pragu i Pri\u0161tini. Sarajevski koncert organizuje Grad Sarajevo u saradnji s Gradom Zagrebom i Ambasadom Republike Hrvatske u BiH.<\/p>\n<p style=\"text-align: justify;\">Ovaj hrvatski najpoznatiji i najnagra\u0111ivaniji dje\u010diji hor ime je dobio po parku Ribnjaku koji se nalazi u srcu Zagreba. Mnoge generacije su uz pjesmu i ples odrastale u horu, koji djeluje ve\u0107 31 godinu, uz osniva\u010dicu i voditeljicu Nensi Atanasov Premel\u010d. Klinci s Ribnjaka su ukupno osvojili 12 porina i do sada objavili 30-tak diskografskih izdanja.<\/p>\n<p style=\"text-align: justify;\">\n","protected":false},"excerpt":{"rendered":"<p>U\u00a0srijedu, 4. maja u 17.00 sati u Domu mladih na Skenderiji odr\u017eat \u0107e se ovaj koncert. Koristimo se prilikom da ispred na\u0161e \u0161kole i resornog ministarstva pozovemo najprije u\u010denike 4. 5. i 6. razreda kao i njihove roditelje da posjete ovu sve\u010danost. Uz poznate hrvatske pjeva\u010de, nastupit \u0107e Adnan i Tarik, mladi pjeva\u010di iz Sarajeva,<\/p>\n","protected":false},"author":1,"featured_media":1792,"comment_status":"open","ping_status":"open","sticky":false,"template":"","format":"standard","meta":{"footnotes":""},"categories":[21],"tags":[33],"class_list":["post-1791","post","type-post","status-publish","format-standard","has-post-thumbnail","hentry","category-desavanja","tag-slider"],"_links":{"self":[{"href":"https:\/\/osmbklj.edu.ba\/index.php?rest_route=\/wp\/v2\/posts\/1791","targetHints":{"allow":["GET"]}}],"collection":[{"href":"https:\/\/osmbklj.edu.ba\/index.php?rest_route=\/wp\/v2\/posts"}],"about":[{"href":"https:\/\/osmbklj.edu.ba\/index.php?rest_route=\/wp\/v2\/types\/post"}],"author":[{"embeddable":true,"href":"https:\/\/osmbklj.edu.ba\/index.php?rest_route=\/wp\/v2\/users\/1"}],"replies":[{"embeddable":true,"href":"https:\/\/osmbklj.edu.ba\/index.php?rest_route=%2Fwp%2Fv2%2Fcomments&post=1791"}],"version-history":[{"count":0,"href":"https:\/\/osmbklj.edu.ba\/index.php?rest_route=\/wp\/v2\/posts\/1791\/revisions"}],"wp:featuredmedia":[{"embeddable":true,"href":"https:\/\/osmbklj.edu.ba\/index.php?rest_route=\/"}],"wp:attachment":[{"href":"https:\/\/osmbklj.edu.ba\/index.php?rest_route=%2Fwp%2Fv2%2Fmedia&parent=1791"}],"wp:term":[{"taxonomy":"category","embeddable":true,"href":"https:\/\/osmbklj.edu.ba\/index.php?rest_route=%2Fwp%2Fv2%2Fcategories&post=1791"},{"taxonomy":"post_tag","embeddable":true,"href":"https:\/\/osmbklj.edu.ba\/index.php?rest_route=%2Fwp%2Fv2%2Ftags&post=1791"}],"curies":[{"name":"wp","href":"https:\/\/api.w.org\/{rel}","templated":true}]}}