{"id":1813,"date":"2016-05-09T14:12:05","date_gmt":"2016-05-09T14:12:05","guid":{"rendered":"http:\/\/osmbklj.edu.ba\/?p=1813"},"modified":"2016-05-09T14:12:05","modified_gmt":"2016-05-09T14:12:05","slug":"dan-pobjede-nad-fasizmom","status":"publish","type":"post","link":"https:\/\/osmbklj.edu.ba\/?p=1813","title":{"rendered":"DAN POBJEDE NAD FA\u0160IZMOM"},"content":{"rendered":"<p style=\"text-align: justify;\">Danas, 09. maja naravno, obilje\u017een je Dan pobjede nad fa\u0161izmom i dan sje\u0107anja na ubijenu djecu\u00a0opkoljenog Sarajeva u Velikom parku na lokalitetu Spomen obilje\u017eja ubijenoj djeci.<\/p>\n<p><img loading=\"lazy\" decoding=\"async\" class=\"alignnone wp-image-1815 size-full\" src=\"http:\/\/osmbklj.edu.ba\/wp-content\/uploads\/2016\/05\/dan-pobjede-nad-fasizmom-2.jpg\" alt=\"DAN POBJEDE NAD FA\u0160IZMOM 1\" width=\"640\" height=\"425\" \/><\/p>\n<p style=\"text-align: justify;\">Organizator manifestacije je <em>Udru\u017eenje roditelja ubijene djece opkoljenog Sarajeva 1992-1995.<\/em> Manifestaciji su prisustvovali brojni u\u010denici iz na\u0161e \u0161kole u pratnji svojih razrednika, kao i u\u010denici iz ostalih osnovnih i srednjih \u0161kola kao i vrti\u0107a sa podru\u010dja Kantona Sarajevo.<\/p>\n<p style=\"text-align: justify;\">Bh. glumica Vedrana Seksan pro\u010ditala je uvodnu rije\u010d, a potom je svoje obra\u0107anje imao gospodin Fikret Grabovica. Jo\u0161 jednom nas je trgnuo od zaborava i odaslao va\u017ene poruke koje \u0107e nove generacije dalje prenositi.<\/p>\n<p><img loading=\"lazy\" decoding=\"async\" class=\"alignnone wp-image-1814 size-full\" src=\"http:\/\/osmbklj.edu.ba\/wp-content\/uploads\/2016\/05\/dan-pobjede-nad-fasizmom.jpg\" alt=\"DAN POBJEDE NAD FA\u0160IZMOM\" width=\"640\" height=\"425\" \/><\/p>\n<p style=\"text-align: justify;\">Dalji tok\u00a0manifestacije obilje\u017eili su Izet Bajrovi\u0107, istaknuti bh. pozori\u0161ni i filmski glumac, te Benjamin Isovi\u0107, poznati sarajevski kulturni radnik: recitovali su emotivne poetske numere posve\u0107ene djeci, a hor mali\u0161ana sarajevskih osnovnih \u0161kola sa solistom otpjevao je muzi\u010dke numere \u201eOstajte ovdje\u201c i \u201eVratimo se\u201c.<\/p>\n","protected":false},"excerpt":{"rendered":"<p>Danas, 09. maja naravno, obilje\u017een je Dan pobjede nad fa\u0161izmom i dan sje\u0107anja na ubijenu djecu\u00a0opkoljenog Sarajeva u Velikom parku na lokalitetu Spomen obilje\u017eja ubijenoj djeci. Organizator manifestacije je Udru\u017eenje roditelja ubijene djece opkoljenog Sarajeva 1992-1995. Manifestaciji su prisustvovali brojni u\u010denici iz na\u0161e \u0161kole u pratnji svojih razrednika, kao i u\u010denici iz ostalih osnovnih i<\/p>\n","protected":false},"author":1,"featured_media":1815,"comment_status":"open","ping_status":"open","sticky":false,"template":"","format":"standard","meta":{"footnotes":""},"categories":[21],"tags":[33],"class_list":["post-1813","post","type-post","status-publish","format-standard","has-post-thumbnail","hentry","category-desavanja","tag-slider"],"_links":{"self":[{"href":"https:\/\/osmbklj.edu.ba\/index.php?rest_route=\/wp\/v2\/posts\/1813","targetHints":{"allow":["GET"]}}],"collection":[{"href":"https:\/\/osmbklj.edu.ba\/index.php?rest_route=\/wp\/v2\/posts"}],"about":[{"href":"https:\/\/osmbklj.edu.ba\/index.php?rest_route=\/wp\/v2\/types\/post"}],"author":[{"embeddable":true,"href":"https:\/\/osmbklj.edu.ba\/index.php?rest_route=\/wp\/v2\/users\/1"}],"replies":[{"embeddable":true,"href":"https:\/\/osmbklj.edu.ba\/index.php?rest_route=%2Fwp%2Fv2%2Fcomments&post=1813"}],"version-history":[{"count":0,"href":"https:\/\/osmbklj.edu.ba\/index.php?rest_route=\/wp\/v2\/posts\/1813\/revisions"}],"wp:featuredmedia":[{"embeddable":true,"href":"https:\/\/osmbklj.edu.ba\/index.php?rest_route=\/"}],"wp:attachment":[{"href":"https:\/\/osmbklj.edu.ba\/index.php?rest_route=%2Fwp%2Fv2%2Fmedia&parent=1813"}],"wp:term":[{"taxonomy":"category","embeddable":true,"href":"https:\/\/osmbklj.edu.ba\/index.php?rest_route=%2Fwp%2Fv2%2Fcategories&post=1813"},{"taxonomy":"post_tag","embeddable":true,"href":"https:\/\/osmbklj.edu.ba\/index.php?rest_route=%2Fwp%2Fv2%2Ftags&post=1813"}],"curies":[{"name":"wp","href":"https:\/\/api.w.org\/{rel}","templated":true}]}}