{"id":1986,"date":"2016-09-02T16:27:41","date_gmt":"2016-09-02T16:27:41","guid":{"rendered":"http:\/\/osmbklj.edu.ba\/?p=1986"},"modified":"2016-09-02T16:27:41","modified_gmt":"2016-09-02T16:27:41","slug":"sretno-prvacici","status":"publish","type":"post","link":"https:\/\/osmbklj.edu.ba\/?p=1986","title":{"rendered":"SRETNO PRVA\u010cI\u0106I"},"content":{"rendered":"<p style=\"text-align: justify;\">Prvi \u0161kolski dan za na\u0161e prva\u010di\u0107e po\u010deo je u sve\u010danom ozra\u010dju. Prvi septembar 2016. god. duboko \u0107e se urezati u sje\u0107anja 47 prva\u010di\u0107a koji su stekli begovsku diplomu ovog dana. Na\u0161 knji\u017eevnik i novinar, kao i\u00a0<em>predstojnik<\/em> i gradona\u010delnik, <a href=\"http:\/\/osmbklj.edu.ba\/sample-page\/o-nasem-begu\/\">Mehmed-beg K. Ljubu\u0161ak<\/a>, sigurno \u0107e dobiti bar u ne\u010demu od svojih znanja i zvanja zna\u010dajnog nasljednika\/cu. Uzbu\u0111enje nisu krili ni najstariji posjetioci ove priredbe, a nikako \u0161estogodi\u0161njaci. Sigurnu ruku i zagrljaj napu\u0161tali su jedan za drugim dok su se nesigurnim korak pribli\u017eavali svojim u\u010diteljicama (Muniri i Sabini) i direktorici \u0161kole (\u0110i\u0111ani Sari\u0107) koja je u dru\u0161tvu predstvnice Op\u0107ine Centar \u010dekala svakog prva\u010di\u0107a da mu uru\u010de \u0161kolski ruksak i poklone u njemu.<\/p>\n<p style=\"text-align: justify;\"><img loading=\"lazy\" decoding=\"async\" class=\"alignnone wp-image-1987 size-medium\" src=\"http:\/\/osmbklj.edu.ba\/wp-content\/uploads\/2016\/09\/sretno-prvacici-300x169.jpg\" alt=\"SRETNO PRVA\u010cI\u0106I\" width=\"300\" height=\"169\" \/><img loading=\"lazy\" decoding=\"async\" class=\"alignnone wp-image-1988 size-medium\" src=\"http:\/\/osmbklj.edu.ba\/wp-content\/uploads\/2016\/09\/sretno-prvacici-2-300x169.jpg\" alt=\"SRETNO PRVA\u010cI\u0106I 1\" width=\"300\" height=\"169\" \/> <img loading=\"lazy\" decoding=\"async\" class=\"alignnone wp-image-1989 size-medium\" src=\"http:\/\/osmbklj.edu.ba\/wp-content\/uploads\/2016\/09\/sretno-prvacici-3-300x179.jpg\" alt=\"SRETNO PRVA\u010cI\u0106I 2\" width=\"300\" height=\"179\" \/> \u00a0<img loading=\"lazy\" decoding=\"async\" class=\"alignnone wp-image-1991 size-medium\" src=\"http:\/\/osmbklj.edu.ba\/wp-content\/uploads\/2016\/09\/sretno-prvacici-5-300x169.jpg\" alt=\"SRETNO PRVA\u010cI\u0106I 4\" width=\"300\" height=\"169\" \/><\/p>\n<p style=\"text-align: justify;\">Novi osmijeh na lice mamili su im drugari iz neznatno straijih razreda koji su za njih pripremili sve\u010dani program. Sve je bilo lak\u0161e uz tonove pjesme &#8220;Kad si sretan&#8221; i rasplesani 2 &#8211; 1 koji je &#8220;Pa\u010dijim plesom&#8221; pozivao prva\u010di\u0107e na binu. Recitovali su svoje stihove Aziza i Tarik, hor pjevao drage pjesme, a rije\u010di podr\u0161ke upu\u0107ivala direktorica novim \u010dlanovima kolektiva \ud83d\ude42 Eh, uslijedila je prilika za sve fotoaparate koji mo\u017eda do tada nisu uspjeli zabilje\u017eiti ne\u0161to od ovog programa, a \u0161to \u010disto sumnjamo. Pozirali su oni najhrabriji, kri\u0161om se smijuljili odva\u017eni, a nesigurni pogledom tra\u017eili poznato lice. U tom je prilika da se upozna u\u010dionica, prvi \u0161kolski dom, u narednoj \u0161kolskoj godini. U\u010diteljice ve\u0107 pozivaju svoje prva\u010di\u0107e da ih prate do u\u010dionica i vozi\u0107 je ve\u0107 nezaustavljiv na dobro utabanih tra\u010dnicama njihovih prethodnika. Jo\u0161 jedno lijepo iznena\u0111enje \u010dekalo je \u0111ake kada su u svojim u\u010dionicama dobili \u010destitke i poklone koje su samo za njih prethodnih dana vrijedno pripremale njihove u\u010diteljice. Sigurni smo da \u0107e oni znati sve ovo cijeniti i vrijednim radom i zalaganjem vratiti, a nakon devet ljeta ponovo posjetiti svoj drugi dom u ulici Bra\u0107e Begi\u0107 na broju 19.<\/p>\n<p style=\"text-align: justify;\"><img loading=\"lazy\" decoding=\"async\" class=\"alignnone wp-image-1990 size-medium\" src=\"http:\/\/osmbklj.edu.ba\/wp-content\/uploads\/2016\/09\/sretno-prvacici-4-300x169.jpg\" alt=\"SRETNO PRVA\u010cI\u0106I 3\" width=\"300\" height=\"169\" \/><img loading=\"lazy\" decoding=\"async\" class=\"alignnone wp-image-1994 size-medium\" src=\"http:\/\/osmbklj.edu.ba\/wp-content\/uploads\/2016\/09\/sretno-prvacici-6-300x169.jpg\" alt=\"SRETNO PRVA\u010cI\u0106I 5\" width=\"300\" height=\"169\" \/> <img loading=\"lazy\" decoding=\"async\" class=\"alignnone wp-image-1995 size-medium\" src=\"http:\/\/osmbklj.edu.ba\/wp-content\/uploads\/2016\/09\/sretno-prvacici-7-300x169.jpg\" alt=\"SRETNO PRVA\u010cI\u0106I 6\" width=\"300\" height=\"169\" \/>\u00a0<img loading=\"lazy\" decoding=\"async\" class=\"alignnone wp-image-1996 size-medium\" src=\"http:\/\/osmbklj.edu.ba\/wp-content\/uploads\/2016\/09\/sretno-prvacici-8-300x169.jpg\" alt=\"SRETNO PRVA\u010cI\u0106I 7\" width=\"300\" height=\"169\" \/><\/p>\n","protected":false},"excerpt":{"rendered":"<p>Prvi \u0161kolski dan za na\u0161e prva\u010di\u0107e po\u010deo je u sve\u010danom ozra\u010dju. Prvi septembar 2016. god. duboko \u0107e se urezati u sje\u0107anja 47 prva\u010di\u0107a koji su stekli begovsku diplomu ovog dana. Na\u0161 knji\u017eevnik i novinar, kao i\u00a0predstojnik i gradona\u010delnik, Mehmed-beg K. Ljubu\u0161ak, sigurno \u0107e dobiti bar u ne\u010demu od svojih znanja i zvanja zna\u010dajnog nasljednika\/cu. Uzbu\u0111enje<\/p>\n","protected":false},"author":1,"featured_media":2001,"comment_status":"closed","ping_status":"closed","sticky":false,"template":"","format":"standard","meta":{"footnotes":""},"categories":[21],"tags":[33],"class_list":["post-1986","post","type-post","status-publish","format-standard","has-post-thumbnail","hentry","category-desavanja","tag-slider"],"_links":{"self":[{"href":"https:\/\/osmbklj.edu.ba\/index.php?rest_route=\/wp\/v2\/posts\/1986","targetHints":{"allow":["GET"]}}],"collection":[{"href":"https:\/\/osmbklj.edu.ba\/index.php?rest_route=\/wp\/v2\/posts"}],"about":[{"href":"https:\/\/osmbklj.edu.ba\/index.php?rest_route=\/wp\/v2\/types\/post"}],"author":[{"embeddable":true,"href":"https:\/\/osmbklj.edu.ba\/index.php?rest_route=\/wp\/v2\/users\/1"}],"replies":[{"embeddable":true,"href":"https:\/\/osmbklj.edu.ba\/index.php?rest_route=%2Fwp%2Fv2%2Fcomments&post=1986"}],"version-history":[{"count":0,"href":"https:\/\/osmbklj.edu.ba\/index.php?rest_route=\/wp\/v2\/posts\/1986\/revisions"}],"wp:featuredmedia":[{"embeddable":true,"href":"https:\/\/osmbklj.edu.ba\/index.php?rest_route=\/"}],"wp:attachment":[{"href":"https:\/\/osmbklj.edu.ba\/index.php?rest_route=%2Fwp%2Fv2%2Fmedia&parent=1986"}],"wp:term":[{"taxonomy":"category","embeddable":true,"href":"https:\/\/osmbklj.edu.ba\/index.php?rest_route=%2Fwp%2Fv2%2Fcategories&post=1986"},{"taxonomy":"post_tag","embeddable":true,"href":"https:\/\/osmbklj.edu.ba\/index.php?rest_route=%2Fwp%2Fv2%2Ftags&post=1986"}],"curies":[{"name":"wp","href":"https:\/\/api.w.org\/{rel}","templated":true}]}}