{"id":2074,"date":"2016-10-17T18:25:37","date_gmt":"2016-10-17T18:25:37","guid":{"rendered":"http:\/\/osmbklj.edu.ba\/?p=2074"},"modified":"2016-10-17T18:25:37","modified_gmt":"2016-10-17T18:25:37","slug":"e-ucionica-za-prvacice","status":"publish","type":"post","link":"https:\/\/osmbklj.edu.ba\/?p=2074","title":{"rendered":"E-U\u010cIONICA ZA PRVA\u010cI\u0106E"},"content":{"rendered":"<p style=\"text-align: justify;\">Nisu se ni slegla sva osje\u0107anja nakon sve\u010danog prijema prva\u010di\u0107a, a potom i sve\u010danosti na stadionu Ko\u0161evo, a prva\u010di\u0107i ve\u0107 \u0161alju nove izvje\u0161taje prvog iskustva u \u0161kolskim klupama. Ovogodi\u0161nja generacija prva\u010di\u0107a pamtit \u0107e svoje prve dane u \u0161kolskim u\u010dionicama i po elektronskoj u\u010dionici jednako trajno kao i njihove u\u010diteljice. Posjetili smo ove vrijedne p\u010delice u njihovim ko\u0161nicama i trajno zabilje\u017eili neke trenutke rada sa tabletima koje \u0107e koristiti prvenstveno u nastavi Informatike. Odu\u0161evili su nas ovi odgovorni prva\u010di\u0107i sa svojim u\u010diteljicama, Sabinom i Munirom.<\/p>\n<p style=\"text-align: justify;\"><img loading=\"lazy\" decoding=\"async\" class=\"alignnone wp-image-2075 size-medium\" src=\"http:\/\/osmbklj.edu.ba\/wp-content\/uploads\/2016\/10\/e-ucionica-za-prvacice-169x300.jpg\" alt=\"E-U\u010cIONICA ZA PRVA\u010cI\u0106E\" width=\"169\" height=\"300\" \/> <img loading=\"lazy\" decoding=\"async\" class=\"alignnone wp-image-2077 size-medium\" src=\"http:\/\/osmbklj.edu.ba\/wp-content\/uploads\/2016\/10\/e-ucionica-za-prvacice-3-300x225.jpg\" alt=\"E-U\u010cIONICA ZA PRVA\u010cI\u0106E 2\" width=\"300\" height=\"225\" \/> <img loading=\"lazy\" decoding=\"async\" class=\"alignnone wp-image-2076 size-medium\" src=\"http:\/\/osmbklj.edu.ba\/wp-content\/uploads\/2016\/10\/e-ucionica-za-prvacice-2-169x300.jpg\" alt=\"E-U\u010cIONICA ZA PRVA\u010cI\u0106E 1\" width=\"169\" height=\"300\" \/><\/p>\n","protected":false},"excerpt":{"rendered":"<p>Nisu se ni slegla sva osje\u0107anja nakon sve\u010danog prijema prva\u010di\u0107a, a potom i sve\u010danosti na stadionu Ko\u0161evo, a prva\u010di\u0107i ve\u0107 \u0161alju nove izvje\u0161taje prvog iskustva u \u0161kolskim klupama. Ovogodi\u0161nja generacija prva\u010di\u0107a pamtit \u0107e svoje prve dane u \u0161kolskim u\u010dionicama i po elektronskoj u\u010dionici jednako trajno kao i njihove u\u010diteljice. Posjetili smo ove vrijedne p\u010delice u<\/p>\n","protected":false},"author":1,"featured_media":2077,"comment_status":"closed","ping_status":"closed","sticky":false,"template":"","format":"standard","meta":{"footnotes":""},"categories":[21],"tags":[33],"class_list":["post-2074","post","type-post","status-publish","format-standard","has-post-thumbnail","hentry","category-desavanja","tag-slider"],"_links":{"self":[{"href":"https:\/\/osmbklj.edu.ba\/index.php?rest_route=\/wp\/v2\/posts\/2074","targetHints":{"allow":["GET"]}}],"collection":[{"href":"https:\/\/osmbklj.edu.ba\/index.php?rest_route=\/wp\/v2\/posts"}],"about":[{"href":"https:\/\/osmbklj.edu.ba\/index.php?rest_route=\/wp\/v2\/types\/post"}],"author":[{"embeddable":true,"href":"https:\/\/osmbklj.edu.ba\/index.php?rest_route=\/wp\/v2\/users\/1"}],"replies":[{"embeddable":true,"href":"https:\/\/osmbklj.edu.ba\/index.php?rest_route=%2Fwp%2Fv2%2Fcomments&post=2074"}],"version-history":[{"count":0,"href":"https:\/\/osmbklj.edu.ba\/index.php?rest_route=\/wp\/v2\/posts\/2074\/revisions"}],"wp:featuredmedia":[{"embeddable":true,"href":"https:\/\/osmbklj.edu.ba\/index.php?rest_route=\/"}],"wp:attachment":[{"href":"https:\/\/osmbklj.edu.ba\/index.php?rest_route=%2Fwp%2Fv2%2Fmedia&parent=2074"}],"wp:term":[{"taxonomy":"category","embeddable":true,"href":"https:\/\/osmbklj.edu.ba\/index.php?rest_route=%2Fwp%2Fv2%2Fcategories&post=2074"},{"taxonomy":"post_tag","embeddable":true,"href":"https:\/\/osmbklj.edu.ba\/index.php?rest_route=%2Fwp%2Fv2%2Ftags&post=2074"}],"curies":[{"name":"wp","href":"https:\/\/api.w.org\/{rel}","templated":true}]}}