{"id":2250,"date":"2016-12-26T12:26:13","date_gmt":"2016-12-26T12:26:13","guid":{"rendered":"http:\/\/osmbklj.edu.ba\/?p=2250"},"modified":"2016-12-26T12:26:13","modified_gmt":"2016-12-26T12:26:13","slug":"palcica","status":"publish","type":"post","link":"https:\/\/osmbklj.edu.ba\/?p=2250","title":{"rendered":"&#8220;PAL\u010cICA&#8221;"},"content":{"rendered":"<p style=\"text-align: center;\">U\u010denici V-1 su sa u\u010diteljicom Belmom Kadi\u0107 gledali baletnu predstavu &#8220;Pal\u010dica&#8221; u Narodnom pozori\u0161tu. Nakon predstave su se fotografisali sa plesa\u010dima iz predstave. Izvedba je zabilje\u017eena u \u010detvrtak, 22.12.2016. godine. O\u010darani kostimima i izvedbom na sceni u\u010denici su bili posebno odu\u0161evljeni fotografisanjem sa igra\u010dima. Nisi krili dobro raspolo\u017eenje i zadovosljtvo kojeim je uprili\u010deno.<\/p>\n<p><img loading=\"lazy\" decoding=\"async\" class=\"alignleft size-medium wp-image-2252\" src=\"http:\/\/osmbklj.edu.ba\/wp-content\/uploads\/2016\/12\/palcica-2-300x169.jpg\" alt=\"&quot;PAL\u010cICA&quot; 1\" width=\"300\" height=\"169\" \/> <img loading=\"lazy\" decoding=\"async\" class=\"alignleft size-medium wp-image-2254\" src=\"http:\/\/osmbklj.edu.ba\/wp-content\/uploads\/2016\/12\/palcica-4-300x169.jpg\" alt=\"&quot;PAL\u010cICA&quot; 3\" width=\"300\" height=\"169\" \/> <img loading=\"lazy\" decoding=\"async\" class=\"alignleft size-medium wp-image-2255\" src=\"http:\/\/osmbklj.edu.ba\/wp-content\/uploads\/2016\/12\/palcica-5-300x139.jpg\" alt=\"&quot;PAL\u010cICA&quot; 4\" width=\"300\" height=\"139\" \/> <img loading=\"lazy\" decoding=\"async\" class=\"alignleft size-medium wp-image-2256\" src=\"http:\/\/osmbklj.edu.ba\/wp-content\/uploads\/2016\/12\/palcica-6-300x171.jpg\" alt=\"&quot;PAL\u010cICA&quot; 5\" width=\"300\" height=\"171\" \/><\/p>\n<p style=\"text-align: center;\">Ro\u0111ena iz zrna je\u010dma, koji je darivala vje\u0161tica siroma\u0161noj ali dobroj \u017eeni, Pal\u010dica je bila nje\u017ena i dra\u017eesna djevoj\u010dica. Nije bila ve\u0107a od palca, te stoga dobi ime Pal\u010dica. Spavala je u orahovoj ljusci, ru\u017eina latica slu\u017eila joj je kao pokriva\u010d. Plesala je po cijeli dan&#8230;<\/p>\n","protected":false},"excerpt":{"rendered":"<p>U\u010denici V-1 su sa u\u010diteljicom Belmom Kadi\u0107 gledali baletnu predstavu &#8220;Pal\u010dica&#8221; u Narodnom pozori\u0161tu. Nakon predstave su se fotografisali sa plesa\u010dima iz predstave. Izvedba je zabilje\u017eena u \u010detvrtak, 22.12.2016. godine. O\u010darani kostimima i izvedbom na sceni u\u010denici su bili posebno odu\u0161evljeni fotografisanjem sa igra\u010dima. Nisi krili dobro raspolo\u017eenje i zadovosljtvo kojeim je uprili\u010deno. Ro\u0111ena iz<\/p>\n","protected":false},"author":1,"featured_media":2251,"comment_status":"closed","ping_status":"closed","sticky":false,"template":"","format":"standard","meta":{"footnotes":""},"categories":[30],"tags":[33],"class_list":["post-2250","post","type-post","status-publish","format-standard","has-post-thumbnail","hentry","category-vijesti","tag-slider"],"_links":{"self":[{"href":"https:\/\/osmbklj.edu.ba\/index.php?rest_route=\/wp\/v2\/posts\/2250","targetHints":{"allow":["GET"]}}],"collection":[{"href":"https:\/\/osmbklj.edu.ba\/index.php?rest_route=\/wp\/v2\/posts"}],"about":[{"href":"https:\/\/osmbklj.edu.ba\/index.php?rest_route=\/wp\/v2\/types\/post"}],"author":[{"embeddable":true,"href":"https:\/\/osmbklj.edu.ba\/index.php?rest_route=\/wp\/v2\/users\/1"}],"replies":[{"embeddable":true,"href":"https:\/\/osmbklj.edu.ba\/index.php?rest_route=%2Fwp%2Fv2%2Fcomments&post=2250"}],"version-history":[{"count":0,"href":"https:\/\/osmbklj.edu.ba\/index.php?rest_route=\/wp\/v2\/posts\/2250\/revisions"}],"wp:featuredmedia":[{"embeddable":true,"href":"https:\/\/osmbklj.edu.ba\/index.php?rest_route=\/"}],"wp:attachment":[{"href":"https:\/\/osmbklj.edu.ba\/index.php?rest_route=%2Fwp%2Fv2%2Fmedia&parent=2250"}],"wp:term":[{"taxonomy":"category","embeddable":true,"href":"https:\/\/osmbklj.edu.ba\/index.php?rest_route=%2Fwp%2Fv2%2Fcategories&post=2250"},{"taxonomy":"post_tag","embeddable":true,"href":"https:\/\/osmbklj.edu.ba\/index.php?rest_route=%2Fwp%2Fv2%2Ftags&post=2250"}],"curies":[{"name":"wp","href":"https:\/\/api.w.org\/{rel}","templated":true}]}}