{"id":2285,"date":"2017-02-23T18:26:54","date_gmt":"2017-02-23T18:26:54","guid":{"rendered":"http:\/\/osmbklj.edu.ba\/?p=2285"},"modified":"2017-02-23T18:26:54","modified_gmt":"2017-02-23T18:26:54","slug":"iz-muzeja-alija-izetbegovic","status":"publish","type":"post","link":"https:\/\/osmbklj.edu.ba\/?p=2285","title":{"rendered":"IZ MUZEJA ALIJA IZETBEGOVI\u0106"},"content":{"rendered":"<p>Ustanova koja ve\u0107 godina ba\u0161tini i \u010duva uspomenu na na\u0161eg prvog predsjednika Aliju Izetbegovi\u0107a i ove godine je pripremila sve\u010dani program i realizovala konkursne aktivnosti kojima podsti\u010de mlade na aktivnost. Na\u0161i u\u010denici su sa nastavnicom Lejlom Ali\u010di\u0107 uzeli u\u010de\u0161\u0107e na radionicama koje je organizovao Muzej &#8220;Alija Izetbegovi\u0107&#8221; povodom Dana nezavisnosti BiH. Zahvalnice i priznanja \u0107e biti uru\u010dena 28. februara u 11.00 sati u Multimedijalnoj sali ove institucije. Prilika je da vas pozovemo na ovaj doga\u0111aj i istaknemo nagra\u0111ene u\u010denike:<\/p>\n<p>Mela Jen\u010diragi\u0107, Ella Alihod\u017ei\u0107, Dino Karovi\u0107 i Hanadi Ademovi\u0107.<\/p>\n<p><img loading=\"lazy\" decoding=\"async\" class=\"alignleft size-medium wp-image-2287\" src=\"http:\/\/osmbklj.edu.ba\/wp-content\/uploads\/2017\/02\/iz-muzeja-alija-izetbegovic-2-225x300.jpg\" alt=\"IZ MUZEJA ALIJA IZETBEGOVI\u0106 1\" width=\"225\" height=\"300\" \/> <img loading=\"lazy\" decoding=\"async\" class=\"alignleft size-medium wp-image-2288\" src=\"http:\/\/osmbklj.edu.ba\/wp-content\/uploads\/2017\/02\/iz-muzeja-alija-izetbegovic-3-225x300.jpg\" alt=\"IZ MUZEJA ALIJA IZETBEGOVI\u0106 2\" width=\"225\" height=\"300\" \/> <img loading=\"lazy\" decoding=\"async\" class=\"alignleft size-medium wp-image-2289\" src=\"http:\/\/osmbklj.edu.ba\/wp-content\/uploads\/2017\/02\/iz-muzeja-alija-izetbegovic-4-225x300.jpg\" alt=\"IZ MUZEJA ALIJA IZETBEGOVI\u0106 3\" width=\"225\" height=\"300\" \/><\/p>\n","protected":false},"excerpt":{"rendered":"<p>Ustanova koja ve\u0107 godina ba\u0161tini i \u010duva uspomenu na na\u0161eg prvog predsjednika Aliju Izetbegovi\u0107a i ove godine je pripremila sve\u010dani program i realizovala konkursne aktivnosti kojima podsti\u010de mlade na aktivnost. Na\u0161i u\u010denici su sa nastavnicom Lejlom Ali\u010di\u0107 uzeli u\u010de\u0161\u0107e na radionicama koje je organizovao Muzej &#8220;Alija Izetbegovi\u0107&#8221; povodom Dana nezavisnosti BiH. Zahvalnice i priznanja \u0107e<\/p>\n","protected":false},"author":1,"featured_media":2286,"comment_status":"closed","ping_status":"closed","sticky":false,"template":"","format":"standard","meta":{"footnotes":""},"categories":[21],"tags":[33],"class_list":["post-2285","post","type-post","status-publish","format-standard","has-post-thumbnail","hentry","category-desavanja","tag-slider"],"_links":{"self":[{"href":"https:\/\/osmbklj.edu.ba\/index.php?rest_route=\/wp\/v2\/posts\/2285","targetHints":{"allow":["GET"]}}],"collection":[{"href":"https:\/\/osmbklj.edu.ba\/index.php?rest_route=\/wp\/v2\/posts"}],"about":[{"href":"https:\/\/osmbklj.edu.ba\/index.php?rest_route=\/wp\/v2\/types\/post"}],"author":[{"embeddable":true,"href":"https:\/\/osmbklj.edu.ba\/index.php?rest_route=\/wp\/v2\/users\/1"}],"replies":[{"embeddable":true,"href":"https:\/\/osmbklj.edu.ba\/index.php?rest_route=%2Fwp%2Fv2%2Fcomments&post=2285"}],"version-history":[{"count":0,"href":"https:\/\/osmbklj.edu.ba\/index.php?rest_route=\/wp\/v2\/posts\/2285\/revisions"}],"wp:featuredmedia":[{"embeddable":true,"href":"https:\/\/osmbklj.edu.ba\/index.php?rest_route=\/"}],"wp:attachment":[{"href":"https:\/\/osmbklj.edu.ba\/index.php?rest_route=%2Fwp%2Fv2%2Fmedia&parent=2285"}],"wp:term":[{"taxonomy":"category","embeddable":true,"href":"https:\/\/osmbklj.edu.ba\/index.php?rest_route=%2Fwp%2Fv2%2Fcategories&post=2285"},{"taxonomy":"post_tag","embeddable":true,"href":"https:\/\/osmbklj.edu.ba\/index.php?rest_route=%2Fwp%2Fv2%2Ftags&post=2285"}],"curies":[{"name":"wp","href":"https:\/\/api.w.org\/{rel}","templated":true}]}}