{"id":2306,"date":"2017-03-01T08:24:59","date_gmt":"2017-03-01T08:24:59","guid":{"rendered":"http:\/\/osmbklj.edu.ba\/?p=2306"},"modified":"2017-03-01T08:24:59","modified_gmt":"2017-03-01T08:24:59","slug":"slavimo-dan-nezavisnosti","status":"publish","type":"post","link":"https:\/\/osmbklj.edu.ba\/?p=2306","title":{"rendered":"SLAVIMO DAN NEZAVISNOSTI"},"content":{"rendered":"<p>Na\u0161a domovina danas obilje\u017eava 25. godi\u0161njicu referenduma o nezavisnosti, koji se odr\u017eao 29. februara i 1. marta 1992. godine.\u00a0Dan nezavisnosti Bosne i Hercegovine je nacionalni praznik kojim se proslavlja nezavisnost Bosne i Hercegovine.<\/p>\n<p>Tim povodom u na\u0161oj \u0161koli odr\u017eana je sve\u010danost koju su vrijedno pripremali na\u0161i u\u010denici i nastavnici.<img loading=\"lazy\" decoding=\"async\" class=\"alignleft size-medium wp-image-2307\" src=\"http:\/\/osmbklj.edu.ba\/wp-content\/uploads\/2017\/03\/image-0-02-05-c5fd3d3526a0a34158e5052473f0dd8e6a94925c6eb20c976467d64d1078dcb4-V-225x300.jpg\" alt=\"\" width=\"225\" height=\"300\" \/><\/p>\n<p>Dobrodo\u0161liu gostima i roditeljima je recitacijom po\u017eeljela Zehra Mira\u0161\u010dija, u\u010denica I-1. Hor je pjevao &#8220;Srebrenicu&#8221;, a potom je uslijedila recitija &#8220;Moja domovina Bosna i Hercegovina&#8221;. SIgurni smo da su se svi prisutni kao i na\u0161i \u010dlanovi reakcije naje\u017eili na prve tonove pjesme &#8220;Kad ti se ime spomene&#8221;. Igrokaz &#8220;Pro\u0111oh Bosnom kroz vrijeme&#8221;\u00a0bio je uvertira za spektakularan nastup Ritmi\u010dke sekcije i njihov &#8220;Ples crvenih ru\u017ea&#8221;. Posebnu poruku svima poslali su \u010dlanovi Dramske sekcije izvedbom &#8220;Bosanski lonac&#8221;.<\/p>\n<p>&nbsp;<\/p>\n<p>&nbsp;<\/p>\n<p>&nbsp;<\/p>\n<p><img loading=\"lazy\" decoding=\"async\" class=\"alignleft size-medium wp-image-2308\" src=\"http:\/\/osmbklj.edu.ba\/wp-content\/uploads\/2017\/03\/image-0-02-05-bf0e9b3ea76041243bb95723bb2b825f973228ab31b08cb683de97e16fb0b9e9-V-300x225.jpg\" alt=\"\" width=\"300\" height=\"225\" \/><img loading=\"lazy\" decoding=\"async\" class=\"alignleft size-medium wp-image-2309\" src=\"http:\/\/osmbklj.edu.ba\/wp-content\/uploads\/2017\/03\/image-0-02-05-37843b8dfa25a5b37d67cbc418ce94e9745ddd704900606df97b8ef55b045579-V-300x225.jpg\" alt=\"\" width=\"300\" height=\"225\" \/> <img loading=\"lazy\" decoding=\"async\" class=\"alignleft size-medium wp-image-2310\" src=\"http:\/\/osmbklj.edu.ba\/wp-content\/uploads\/2017\/03\/image-0-02-05-592850d71efd9357da6ad6a54781ad5bf335fa7ef4a897ce1de7faac4cfd0ff3-V-300x225.jpg\" alt=\"\" width=\"300\" height=\"225\" \/> <img loading=\"lazy\" decoding=\"async\" class=\"alignleft size-medium wp-image-2311\" src=\"http:\/\/osmbklj.edu.ba\/wp-content\/uploads\/2017\/03\/image-0-02-05-a7560c24e3ba1eb597bbc7a8d0687a87f73ba3f91e6b7b17a4d3e08693ef7e0a-V-300x225.jpg\" alt=\"\" width=\"300\" height=\"225\" \/> <img loading=\"lazy\" decoding=\"async\" class=\"alignleft size-medium wp-image-2312\" src=\"http:\/\/osmbklj.edu.ba\/wp-content\/uploads\/2017\/03\/image-0-02-05-e3815c018a13572ce5cfd30dab17ddfab8005f10c0f7675c684ac2e09d612972-V-225x300.jpg\" alt=\"\" width=\"225\" height=\"300\" \/><\/p>\n","protected":false},"excerpt":{"rendered":"<p>Na\u0161a domovina danas obilje\u017eava 25. godi\u0161njicu referenduma o nezavisnosti, koji se odr\u017eao 29. februara i 1. marta 1992. godine.\u00a0Dan nezavisnosti Bosne i Hercegovine je nacionalni praznik kojim se proslavlja nezavisnost Bosne i Hercegovine. Tim povodom u na\u0161oj \u0161koli odr\u017eana je sve\u010danost koju su vrijedno pripremali na\u0161i u\u010denici i nastavnici. Dobrodo\u0161liu gostima i roditeljima je recitacijom<\/p>\n","protected":false},"author":1,"featured_media":2312,"comment_status":"closed","ping_status":"closed","sticky":false,"template":"","format":"standard","meta":{"footnotes":""},"categories":[21],"tags":[33],"class_list":["post-2306","post","type-post","status-publish","format-standard","has-post-thumbnail","hentry","category-desavanja","tag-slider"],"_links":{"self":[{"href":"https:\/\/osmbklj.edu.ba\/index.php?rest_route=\/wp\/v2\/posts\/2306","targetHints":{"allow":["GET"]}}],"collection":[{"href":"https:\/\/osmbklj.edu.ba\/index.php?rest_route=\/wp\/v2\/posts"}],"about":[{"href":"https:\/\/osmbklj.edu.ba\/index.php?rest_route=\/wp\/v2\/types\/post"}],"author":[{"embeddable":true,"href":"https:\/\/osmbklj.edu.ba\/index.php?rest_route=\/wp\/v2\/users\/1"}],"replies":[{"embeddable":true,"href":"https:\/\/osmbklj.edu.ba\/index.php?rest_route=%2Fwp%2Fv2%2Fcomments&post=2306"}],"version-history":[{"count":0,"href":"https:\/\/osmbklj.edu.ba\/index.php?rest_route=\/wp\/v2\/posts\/2306\/revisions"}],"wp:featuredmedia":[{"embeddable":true,"href":"https:\/\/osmbklj.edu.ba\/index.php?rest_route=\/"}],"wp:attachment":[{"href":"https:\/\/osmbklj.edu.ba\/index.php?rest_route=%2Fwp%2Fv2%2Fmedia&parent=2306"}],"wp:term":[{"taxonomy":"category","embeddable":true,"href":"https:\/\/osmbklj.edu.ba\/index.php?rest_route=%2Fwp%2Fv2%2Fcategories&post=2306"},{"taxonomy":"post_tag","embeddable":true,"href":"https:\/\/osmbklj.edu.ba\/index.php?rest_route=%2Fwp%2Fv2%2Ftags&post=2306"}],"curies":[{"name":"wp","href":"https:\/\/api.w.org\/{rel}","templated":true}]}}