{"id":2350,"date":"2017-03-15T18:08:25","date_gmt":"2017-03-15T18:08:25","guid":{"rendered":"http:\/\/osmbklj.edu.ba\/?p=2350"},"modified":"2017-03-15T18:08:25","modified_gmt":"2017-03-15T18:08:25","slug":"pokazi-svoj-talenat","status":"publish","type":"post","link":"https:\/\/osmbklj.edu.ba\/?p=2350","title":{"rendered":"&#8220;POKA\u017dI SVOJ TALENAT&#8221;"},"content":{"rendered":"<p>U utorak 14. marta u Domu mladih na Skenderiji, odr\u017eana je zavr\u0161na manifestacija gdje su djeca sa posebnim potrebama imala priliku da se dru\u017ee sa osnovcima i srednjo\u0161kolcima i gdje su kroz zabavu i igru stvarali umjetni\u010dka djela. Kao organizator Op\u0107ina Centar je priredila projekat &#8220;Poka\u017ei svoj talenat&#8221; na kom su prisutni imali priliku u\u017eivati u bogatom kulturno-zabavnom programu kojeg su izvodili u\u010denici osnovnih i srednjih \u0161kola. Za dobro raspolo\u017eenje mali\u0161ana pobrinuli su se klovnovi i maskote, te aktivnost Face paintinga koja je na njihovim licima ostavljala tragove omiljenih crtanih likova.<\/p>\n<p>Putem inkluzije\u00a0mi pokazujemo socijalnu senzibilnost. Integracija je proces prilagodbe pojedinca dru\u0161tvu i njegovim potrebama, a inkluzija proces u kojem se dru\u0161tvo prilago\u0111ava specifi\u010dnim potrebama pojedinca. Ono \u0161to \u017eelimo da poka\u017eemo je \u017eelja i briga dru\u0161tva za ovu djecu sa posebnim potrebama, te ja\u010da afirmacija na tom polju. Ovo je proces koji traje du\u017ei vremenski period i koji se veoma uspje\u0161no provodi i u na\u0161oj \u0161koli. Ministarstvo apsolutno podr\u017eava ovakve aktivnosti i to \u0107e nastaviti i u budu\u0107nosti, a mi \u0107emo nastaviti razvijati senzibilitet prema ovoj djeci, poklanjati im pa\u017enju, razbijati predrasude i prihvatati sve razli\u010ditosti me\u0111u nama.<\/p>\n","protected":false},"excerpt":{"rendered":"<p>U utorak 14. marta u Domu mladih na Skenderiji, odr\u017eana je zavr\u0161na manifestacija gdje su djeca sa posebnim potrebama imala priliku da se dru\u017ee sa osnovcima i srednjo\u0161kolcima i gdje su kroz zabavu i igru stvarali umjetni\u010dka djela. Kao organizator Op\u0107ina Centar je priredila projekat &#8220;Poka\u017ei svoj talenat&#8221; na kom su prisutni imali priliku u\u017eivati<\/p>\n","protected":false},"author":1,"featured_media":2353,"comment_status":"closed","ping_status":"closed","sticky":false,"template":"","format":"standard","meta":{"footnotes":""},"categories":[21],"tags":[33],"class_list":["post-2350","post","type-post","status-publish","format-standard","has-post-thumbnail","hentry","category-desavanja","tag-slider"],"_links":{"self":[{"href":"https:\/\/osmbklj.edu.ba\/index.php?rest_route=\/wp\/v2\/posts\/2350","targetHints":{"allow":["GET"]}}],"collection":[{"href":"https:\/\/osmbklj.edu.ba\/index.php?rest_route=\/wp\/v2\/posts"}],"about":[{"href":"https:\/\/osmbklj.edu.ba\/index.php?rest_route=\/wp\/v2\/types\/post"}],"author":[{"embeddable":true,"href":"https:\/\/osmbklj.edu.ba\/index.php?rest_route=\/wp\/v2\/users\/1"}],"replies":[{"embeddable":true,"href":"https:\/\/osmbklj.edu.ba\/index.php?rest_route=%2Fwp%2Fv2%2Fcomments&post=2350"}],"version-history":[{"count":0,"href":"https:\/\/osmbklj.edu.ba\/index.php?rest_route=\/wp\/v2\/posts\/2350\/revisions"}],"wp:featuredmedia":[{"embeddable":true,"href":"https:\/\/osmbklj.edu.ba\/index.php?rest_route=\/"}],"wp:attachment":[{"href":"https:\/\/osmbklj.edu.ba\/index.php?rest_route=%2Fwp%2Fv2%2Fmedia&parent=2350"}],"wp:term":[{"taxonomy":"category","embeddable":true,"href":"https:\/\/osmbklj.edu.ba\/index.php?rest_route=%2Fwp%2Fv2%2Fcategories&post=2350"},{"taxonomy":"post_tag","embeddable":true,"href":"https:\/\/osmbklj.edu.ba\/index.php?rest_route=%2Fwp%2Fv2%2Ftags&post=2350"}],"curies":[{"name":"wp","href":"https:\/\/api.w.org\/{rel}","templated":true}]}}