{"id":2366,"date":"2017-03-25T20:24:27","date_gmt":"2017-03-25T20:24:27","guid":{"rendered":"http:\/\/osmbklj.edu.ba\/?p=2366"},"modified":"2017-03-25T20:24:27","modified_gmt":"2017-03-25T20:24:27","slug":"upis-u-prvi-razred","status":"publish","type":"post","link":"https:\/\/osmbklj.edu.ba\/?p=2366","title":{"rendered":"UPIS U PRVI RAZRED"},"content":{"rendered":"<p><strong>JU \u00a0OSNOVNA \u0160KOLA &#8220;MEHMED-BEG KAPETANOVI\u0106 LJUBU\u0160AK&#8221;\u00a0<\/strong><strong>S A R A J E V O\u00a0 <\/strong><\/p>\n<p><strong>Bra\u0107e Begi\u0107 19\u00a0\u00a0 tel\/fax ++ 387\u00a0 33\u00a0 22 04 91<\/strong><\/p>\n<p>&nbsp;<\/p>\n<p>Broj 5 &#8211; 91\/17.<\/p>\n<p>Sarajevo, 23.o3.2017.godine<\/p>\n<p>&nbsp;<\/p>\n<p>U skladu sa \u010dlanom 45. Zakona o osnovnom odgoju i obrazovanju (\u201cSlu\u017ebene novine Kantona Sarajevo\u201d, broj 10\/04. od 22.aprila 2004.godine , Izmjenama i dopunama Zakona<\/p>\n<p>o osnovnom odgoju i obrazovanju broj 21\/06.od 20 jula 2006.godine , 26\/08.od 24.jula 2008.godine, 31\/11. 15\/13.i 1\/15. , Okvirnim Zakonom o osnovnom i srednjem obrazovanju u Bosni i Hercegovini, te \u010dlanom 32. Pravila Javne ustanove Osnovne \u0161kole \u201cMehmed-beg Kapetanovi\u0107 Ljubu\u0161ak\u201d u Sarajevu\u00a0 objavljuje\u00a0 se<\/p>\n<p>&nbsp;<\/p>\n<p style=\"text-align: center;\"><strong>O\u00a0 G\u00a0 L\u00a0 A\u00a0 S<\/strong><\/p>\n<p style=\"text-align: center;\"><strong>za upis\u00a0 \u0161kolskih obveznika\u00a0\u00a0 u\u00a0 I\u00a0 razred osnovne \u0161kole \u0161kolske 2017\/2018.godine<\/strong><\/p>\n<p>[sg_popup id=&#8221;2&#8243; event=&#8221;onload&#8221;][\/sg_popup]<\/p>\n<p>U periodu od<strong> 01.04.do 30.04 2017<\/strong>.godine,\u00a0 vr\u0161it \u0107e se\u00a0 upis djece \u2013\u0161kolskih obveznika u prvi razred\u00a0 devetogodi\u0161njeg obrazovanja\u00a0 za \u0161kolsku\u00a0 2017 \/2018.godinu.<\/p>\n<p><strong>\u0160kolski obveznici su djeca koja su do 1. marta 2017. godine navr\u0161ila\u00a0 5,5 godina \u017eivota.<\/strong><\/p>\n<p>\u0160kola \u0107e omogu\u0107iti djetetu mla\u0111em od utvr\u0111ene starosne dobi za po\u010detak obaveznog odgoja i obrazovanja upis u \u0161kolu, ako to tra\u017ee roditelj ili staratelj djeteta\u00a0 i ako \u0161kola, nakon \u0161to razmotri preporuke relevantnih stru\u010dnjaka, bude sigurna da je to u najboljem interesu djeteta.<\/p>\n<p>Upis se vr\u0161i na osnovu ocjene sposobnosti djeteta koju \u0107e dati komisija sastavljena<\/p>\n<p>od pedagoga-psihologa i nastavnika \u0161kole .<\/p>\n<p><strong>\u00a0\u00a0\u00a0\u00a0\u00a0\u00a0\u00a0\u00a0\u00a0 Prilikom upisa roditelji su du\u017eni donijeti :<\/strong><\/p>\n<ul>\n<li><strong>izvod iz mati\u010dne knjige ro\u0111enih <\/strong><\/li>\n<li><strong>ljekarsko uvjerenje<\/strong> (izdato od nadle\u017ene zdravstvene ustanove)<\/li>\n<li><strong>uvjerenje o poha\u0111anju pred\u0161kolskog obrazovanja(obaveznog programa za djecu u godini pred polazak u \u0161kolu ), odnosno izjavu roditelja, ukoliko dijete nije poha\u0111alo pred\u0161kolsko obrazovanje sa navedenim razlogom nepoha\u0111anja.<\/strong><\/li>\n<\/ul>\n<p><strong>\u00a0<\/strong><\/p>\n<h2><strong>\u0160KOLA\u00a0 IMA ORGANIZOVAN\u00a0 PRODU\u017dENI\u00a0 BORAVAK <a href=\"http:\/\/osmbklj.edu.ba\/produzeni-boravak\/\">LINK<\/a><\/strong><\/h2>\n<p><strong>ZAINTERESOVANI\u00a0 RODITELJI\u00a0 \u0106E SE PRILIKOM\u00a0 UPISA\u00a0 DJETETA IZJASNITI\u00a0 DA LI\u00a0 \u017dELE DA\u00a0 DIJETE\u00a0 IDE U PRODU\u017dENI BORAVAK.<\/strong><\/p>\n<p><strong>\u00a0<\/strong><\/p>\n<p><strong>Upis \u0107e se vr\u0161iti<\/strong>\u00a0 svakim radnim danom od 08,00 do 14,00 \u010dasova\u00a0 <strong>kod\u00a0 sekretara\u00a0 \u0161kole.<\/strong><\/p>\n<p><strong>\u00a0<\/strong><\/p>\n<hr \/>\n<p><strong>NAPOMENA:<\/strong><\/p>\n<p><strong>Zakonom o osnovnom odgoju i obrazovanju (\u010dlan 3.) re\u010deno je da je obavezno poha\u0111anje redovne osnovne \u0161kole , a \u010dlanom 113. istog Zakona predvi\u0111ena je nov\u010dana kazna u iznosu od 500 KM za prekr\u0161aj roditelja koji\u00a0 ne upi\u0161e dijete u \u0161kolu. Pla\u0107anje kazne ne osloba\u0111a roditelja od obaveze upisa djeteta. <\/strong><\/p>\n<p><strong>\u00a0<\/strong><\/p>\n<p>D I R E K T O R I C A<\/p>\n<p>Sari\u0107 \u0110i\u0111ana, prof.<\/p>\n<p>&nbsp;<\/p>\n<p><img loading=\"lazy\" decoding=\"async\" class=\"alignleft size-medium wp-image-2065\" src=\"http:\/\/osmbklj.edu.ba\/wp-content\/uploads\/2016\/10\/20160909_115126-300x169.jpg\" alt=\"\" width=\"300\" height=\"169\" \/><img loading=\"lazy\" decoding=\"async\" class=\"alignleft size-medium wp-image-2064\" src=\"http:\/\/osmbklj.edu.ba\/wp-content\/uploads\/2016\/10\/20160909_115113-300x169.jpg\" alt=\"\" width=\"300\" height=\"169\" \/><img loading=\"lazy\" decoding=\"async\" class=\"alignleft size-medium wp-image-2071\" src=\"http:\/\/osmbklj.edu.ba\/wp-content\/uploads\/2016\/10\/image-0-02-05-305e77b2af59bb195d2327a7d9bf4c623d3c87cadc9a556e237906de26f88f2f-V-300x198.jpg\" alt=\"\" width=\"300\" height=\"198\" \/><img loading=\"lazy\" decoding=\"async\" class=\"alignleft size-medium wp-image-2068\" src=\"http:\/\/osmbklj.edu.ba\/wp-content\/uploads\/2016\/10\/image-0-02-05-4ce6cf7e63bf4d169696a8e3dd04b38fadcd286a06922a8a9bae5ca43f5dde09-V-300x169.jpg\" alt=\"\" width=\"300\" height=\"169\" \/><\/p>\n<p>&nbsp;<\/p>\n","protected":false},"excerpt":{"rendered":"<p>JU \u00a0OSNOVNA \u0160KOLA &#8220;MEHMED-BEG KAPETANOVI\u0106 LJUBU\u0160AK&#8221;\u00a0S A R A J E V O\u00a0 Bra\u0107e Begi\u0107 19\u00a0\u00a0 tel\/fax ++ 387\u00a0 33\u00a0 22 04 91 &nbsp; Broj 5 &#8211; 91\/17. Sarajevo, 23.o3.2017.godine &nbsp; U skladu sa \u010dlanom 45. Zakona o osnovnom odgoju i obrazovanju (\u201cSlu\u017ebene novine Kantona Sarajevo\u201d, broj 10\/04. od 22.aprila 2004.godine , Izmjenama i dopunama<\/p>\n","protected":false},"author":1,"featured_media":1647,"comment_status":"closed","ping_status":"closed","sticky":false,"template":"","format":"standard","meta":{"footnotes":""},"categories":[30],"tags":[33],"class_list":["post-2366","post","type-post","status-publish","format-standard","has-post-thumbnail","hentry","category-vijesti","tag-slider"],"_links":{"self":[{"href":"https:\/\/osmbklj.edu.ba\/index.php?rest_route=\/wp\/v2\/posts\/2366","targetHints":{"allow":["GET"]}}],"collection":[{"href":"https:\/\/osmbklj.edu.ba\/index.php?rest_route=\/wp\/v2\/posts"}],"about":[{"href":"https:\/\/osmbklj.edu.ba\/index.php?rest_route=\/wp\/v2\/types\/post"}],"author":[{"embeddable":true,"href":"https:\/\/osmbklj.edu.ba\/index.php?rest_route=\/wp\/v2\/users\/1"}],"replies":[{"embeddable":true,"href":"https:\/\/osmbklj.edu.ba\/index.php?rest_route=%2Fwp%2Fv2%2Fcomments&post=2366"}],"version-history":[{"count":0,"href":"https:\/\/osmbklj.edu.ba\/index.php?rest_route=\/wp\/v2\/posts\/2366\/revisions"}],"wp:featuredmedia":[{"embeddable":true,"href":"https:\/\/osmbklj.edu.ba\/index.php?rest_route=\/"}],"wp:attachment":[{"href":"https:\/\/osmbklj.edu.ba\/index.php?rest_route=%2Fwp%2Fv2%2Fmedia&parent=2366"}],"wp:term":[{"taxonomy":"category","embeddable":true,"href":"https:\/\/osmbklj.edu.ba\/index.php?rest_route=%2Fwp%2Fv2%2Fcategories&post=2366"},{"taxonomy":"post_tag","embeddable":true,"href":"https:\/\/osmbklj.edu.ba\/index.php?rest_route=%2Fwp%2Fv2%2Ftags&post=2366"}],"curies":[{"name":"wp","href":"https:\/\/api.w.org\/{rel}","templated":true}]}}