{"id":2427,"date":"2017-04-26T16:40:42","date_gmt":"2017-04-26T16:40:42","guid":{"rendered":"http:\/\/osmbklj.edu.ba\/?p=2427"},"modified":"2017-04-26T16:40:42","modified_gmt":"2017-04-26T16:40:42","slug":"knjizevne-vijesti","status":"publish","type":"post","link":"https:\/\/osmbklj.edu.ba\/?p=2427","title":{"rendered":"KNJI\u017dEVNE VIJESTI"},"content":{"rendered":"<p>S ponosom vas izvje\u0161tavamo o knji\u017eevnim uspjesima na\u0161ih u\u010denika, a njima upu\u0107ujemo sve \u010destitke.<\/p>\n<p>Uz podr\u0161ku Op\u0107ine Centar i na\u0161ih nastavnica Bosanskog jezika u Centru za kulturu objavljen je Zbornik literarnih radova &#8220;Rje\u010dito prolje\u0107e&#8221;. Na njegovim stranicama svoje mjesto su na\u0161li radovi na\u0161ih u\u010denika: Kurtovi\u0107 Elma, \u010cengi\u0107 Hamza, Tahmaz Lamija, \u0160ehovi\u0107 Mona i D\u017eabija Lana.<\/p>\n<p>Bosanskohercegova\u010dki knji\u017eevnik i pisac za djecu Mirsad Be\u0107irba\u0161i\u0107 odr\u017eao je radionicu za djecu gdje je razgovarao sa 50 mladih autora o zna\u010daju pisanja i \u010ditanja. Tom prilikom\u00a0je uru\u010dio primjerke objavljenog zbornika literarnih radova za mlade autore i njihove \u0161kole.<\/p>\n<p>Ovaj\u00a0Zbornik \u010dine literarni radovi u\u010denika osnovnih \u0161kola na slobodnu temu, \u010dime je djeci data mogu\u0107nost da njihov talenat za pisanje do\u0111e do izra\u017eaja. Tu ima proznih i pjesni\u010dkih radova na temu godi\u0161nja doba, patriotskih osje\u0107anja, zna\u010dajni datumi, eko teme, pjesme posve\u0107ene uku\u0107anima, nastavnicima, pa do slobodnih tema o ljubavi, intimnim preokupacijama&#8230;<\/p>\n","protected":false},"excerpt":{"rendered":"<p>S ponosom vas izvje\u0161tavamo o knji\u017eevnim uspjesima na\u0161ih u\u010denika, a njima upu\u0107ujemo sve \u010destitke. Uz podr\u0161ku Op\u0107ine Centar i na\u0161ih nastavnica Bosanskog jezika u Centru za kulturu objavljen je Zbornik literarnih radova &#8220;Rje\u010dito prolje\u0107e&#8221;. Na njegovim stranicama svoje mjesto su na\u0161li radovi na\u0161ih u\u010denika: Kurtovi\u0107 Elma, \u010cengi\u0107 Hamza, Tahmaz Lamija, \u0160ehovi\u0107 Mona i D\u017eabija Lana.<\/p>\n","protected":false},"author":1,"featured_media":2428,"comment_status":"closed","ping_status":"closed","sticky":false,"template":"","format":"standard","meta":{"footnotes":""},"categories":[30],"tags":[],"class_list":["post-2427","post","type-post","status-publish","format-standard","has-post-thumbnail","hentry","category-vijesti"],"_links":{"self":[{"href":"https:\/\/osmbklj.edu.ba\/index.php?rest_route=\/wp\/v2\/posts\/2427","targetHints":{"allow":["GET"]}}],"collection":[{"href":"https:\/\/osmbklj.edu.ba\/index.php?rest_route=\/wp\/v2\/posts"}],"about":[{"href":"https:\/\/osmbklj.edu.ba\/index.php?rest_route=\/wp\/v2\/types\/post"}],"author":[{"embeddable":true,"href":"https:\/\/osmbklj.edu.ba\/index.php?rest_route=\/wp\/v2\/users\/1"}],"replies":[{"embeddable":true,"href":"https:\/\/osmbklj.edu.ba\/index.php?rest_route=%2Fwp%2Fv2%2Fcomments&post=2427"}],"version-history":[{"count":0,"href":"https:\/\/osmbklj.edu.ba\/index.php?rest_route=\/wp\/v2\/posts\/2427\/revisions"}],"wp:featuredmedia":[{"embeddable":true,"href":"https:\/\/osmbklj.edu.ba\/index.php?rest_route=\/"}],"wp:attachment":[{"href":"https:\/\/osmbklj.edu.ba\/index.php?rest_route=%2Fwp%2Fv2%2Fmedia&parent=2427"}],"wp:term":[{"taxonomy":"category","embeddable":true,"href":"https:\/\/osmbklj.edu.ba\/index.php?rest_route=%2Fwp%2Fv2%2Fcategories&post=2427"},{"taxonomy":"post_tag","embeddable":true,"href":"https:\/\/osmbklj.edu.ba\/index.php?rest_route=%2Fwp%2Fv2%2Ftags&post=2427"}],"curies":[{"name":"wp","href":"https:\/\/api.w.org\/{rel}","templated":true}]}}