{"id":2606,"date":"2017-09-12T05:23:35","date_gmt":"2017-09-12T05:23:35","guid":{"rendered":"http:\/\/osmbklj.edu.ba\/?p=2606"},"modified":"2017-09-12T05:23:35","modified_gmt":"2017-09-12T05:23:35","slug":"svecani-prijem-prvacica","status":"publish","type":"post","link":"https:\/\/osmbklj.edu.ba\/?p=2606","title":{"rendered":"SVE\u010cANI PRIJEM PRVA\u010cI\u0106A"},"content":{"rendered":"<p>Sve\u010dano je po\u010delo za novu generaciju begova. 4. septembra ta\u010dno u 15.30 sati u holu na\u0161e \u0161kole uprili\u010den je prijem za sve u\u010denike koji prvi put sjedaju u \u0161kolske klupe ove 2017\/2018. \u0161kolske godine.<\/p>\n<p><img loading=\"lazy\" decoding=\"async\" class=\"alignleft wp-image-2608 size-full\" src=\"http:\/\/osmbklj.edu.ba\/wp-content\/uploads\/2017\/09\/svecani-prijem-prvacica-2.jpg\" alt=\"SVE\u010cANI PRIJEM PRVA\u010cI\u0106A 1\" width=\"640\" height=\"480\" \/><\/p>\n<p>&nbsp;<\/p>\n<p>&nbsp;<\/p>\n<p>&nbsp;<\/p>\n<p>&nbsp;<\/p>\n<p>&nbsp;<\/p>\n<p>&nbsp;<\/p>\n<p>&nbsp;<\/p>\n<p>&nbsp;<\/p>\n<p>&nbsp;<\/p>\n<p>&nbsp;<\/p>\n<p>&nbsp;<\/p>\n<p>&nbsp;<\/p>\n<p>&nbsp;<\/p>\n<p>&nbsp;<\/p>\n<p>&nbsp;<\/p>\n<p>Nakon uvodnog pozdrava i tople dobrodo\u0161lice gostima, voditeljica ove priredbe je prepustila mikrofon \u0161kolskom horu koji je izveo pjesmu\u00a0<em>\u0160to je \u0161kola zgodna<\/em>. Prisutnima je nakon toga obratio direktor \u0161kole Edin Smaji\u0107 i predstavio u\u010diteljice prvih razreda, Muneveru Mujezinovi\u0107 i Larisu \u0160aboti\u0107.<\/p>\n<p><img loading=\"lazy\" decoding=\"async\" class=\"alignleft wp-image-2607 size-full\" src=\"http:\/\/osmbklj.edu.ba\/wp-content\/uploads\/2017\/09\/svecani-prijem-prvacica.jpg\" alt=\"SVE\u010cANI PRIJEM PRVA\u010cI\u0106A\" width=\"640\" height=\"480\" \/><\/p>\n<p>&nbsp;<\/p>\n<p>&nbsp;<\/p>\n<p>&nbsp;<\/p>\n<p>&nbsp;<\/p>\n<p>&nbsp;<\/p>\n<p>&nbsp;<\/p>\n<p>&nbsp;<\/p>\n<p>&nbsp;<\/p>\n<p>&nbsp;<\/p>\n<p>&nbsp;<\/p>\n<p>&nbsp;<\/p>\n<p>&nbsp;<\/p>\n<p>&nbsp;<\/p>\n<p>&nbsp;<\/p>\n<p>&nbsp;<\/p>\n<p>Rije\u010d je uzeo i op\u0107inski na\u010delnik Ned\u017ead Ajnad\u017ei\u0107 koji po\u017eelio puno sre\u0107e i uspjeha kako u \u0161koli tako i u \u017eivotu na\u0161im prva\u010di\u0107ima, njihovim roditeljima, nanama, dedama, bakama, tetkama . . .<\/p>\n<p><img loading=\"lazy\" decoding=\"async\" class=\"alignleft size-medium wp-image-2609\" src=\"http:\/\/osmbklj.edu.ba\/wp-content\/uploads\/2017\/09\/svecani-prijem-prvacica-3-300x225.jpg\" alt=\"SVE\u010cANI PRIJEM PRVA\u010cI\u0106A 2\" width=\"300\" height=\"225\" \/> <img loading=\"lazy\" decoding=\"async\" class=\"alignleft size-medium wp-image-2610\" src=\"http:\/\/osmbklj.edu.ba\/wp-content\/uploads\/2017\/09\/svecani-prijem-prvacica-4-300x225.jpg\" alt=\"SVE\u010cANI PRIJEM PRVA\u010cI\u0106A 3\" width=\"300\" height=\"225\" \/> <img loading=\"lazy\" decoding=\"async\" class=\"alignleft size-medium wp-image-2613\" src=\"http:\/\/osmbklj.edu.ba\/wp-content\/uploads\/2017\/09\/svecani-prijem-prvacica-7-300x225.jpg\" alt=\"SVE\u010cANI PRIJEM PRVA\u010cI\u0106A 6\" width=\"300\" height=\"225\" \/> <img loading=\"lazy\" decoding=\"async\" class=\"alignleft size-medium wp-image-2611\" src=\"http:\/\/osmbklj.edu.ba\/wp-content\/uploads\/2017\/09\/svecani-prijem-prvacica-5-300x225.jpg\" alt=\"SVE\u010cANI PRIJEM PRVA\u010cI\u0106A 4\" width=\"300\" height=\"225\" \/><\/p>\n<p>&nbsp;<\/p>\n<p>&nbsp;<\/p>\n<p>&nbsp;<\/p>\n<p>&nbsp;<\/p>\n<p>&nbsp;<\/p>\n<p>&nbsp;<\/p>\n<p>&nbsp;<\/p>\n<p>&nbsp;<\/p>\n<p>&nbsp;<\/p>\n<p>&nbsp;<\/p>\n<p>&nbsp;<\/p>\n<p>&nbsp;<\/p>\n<p>&nbsp;<\/p>\n<p>&nbsp;<\/p>\n<p>&nbsp;<\/p>\n<p>Nakon dodjele ruksaka moglo je zapo\u010deti fotografisanje. Uspomene za pam\u0107enje i albume koji \u0107e se pokazivati generacijama. Sve \u0107e se to dugo \u010duvati, a vremena koja dolaze svjedo\u010diti o prolaznosti.<\/p>\n<p>Od srca \u017eelimo sve najbolje na\u0161im novim prvacima \ud83d\ude42<\/p>\n<p>&nbsp;<\/p>\n","protected":false},"excerpt":{"rendered":"<p>Sve\u010dano je po\u010delo za novu generaciju begova. 4. septembra ta\u010dno u 15.30 sati u holu na\u0161e \u0161kole uprili\u010den je prijem za sve u\u010denike koji prvi put sjedaju u \u0161kolske klupe ove 2017\/2018. \u0161kolske godine. &nbsp; &nbsp; &nbsp; &nbsp; &nbsp; &nbsp; &nbsp; &nbsp; &nbsp; &nbsp; &nbsp; &nbsp; &nbsp; &nbsp; &nbsp; Nakon uvodnog pozdrava i tople dobrodo\u0161lice<\/p>\n","protected":false},"author":1,"featured_media":2610,"comment_status":"closed","ping_status":"closed","sticky":false,"template":"","format":"standard","meta":{"footnotes":""},"categories":[21],"tags":[33],"class_list":["post-2606","post","type-post","status-publish","format-standard","has-post-thumbnail","hentry","category-desavanja","tag-slider"],"_links":{"self":[{"href":"https:\/\/osmbklj.edu.ba\/index.php?rest_route=\/wp\/v2\/posts\/2606","targetHints":{"allow":["GET"]}}],"collection":[{"href":"https:\/\/osmbklj.edu.ba\/index.php?rest_route=\/wp\/v2\/posts"}],"about":[{"href":"https:\/\/osmbklj.edu.ba\/index.php?rest_route=\/wp\/v2\/types\/post"}],"author":[{"embeddable":true,"href":"https:\/\/osmbklj.edu.ba\/index.php?rest_route=\/wp\/v2\/users\/1"}],"replies":[{"embeddable":true,"href":"https:\/\/osmbklj.edu.ba\/index.php?rest_route=%2Fwp%2Fv2%2Fcomments&post=2606"}],"version-history":[{"count":0,"href":"https:\/\/osmbklj.edu.ba\/index.php?rest_route=\/wp\/v2\/posts\/2606\/revisions"}],"wp:featuredmedia":[{"embeddable":true,"href":"https:\/\/osmbklj.edu.ba\/index.php?rest_route=\/"}],"wp:attachment":[{"href":"https:\/\/osmbklj.edu.ba\/index.php?rest_route=%2Fwp%2Fv2%2Fmedia&parent=2606"}],"wp:term":[{"taxonomy":"category","embeddable":true,"href":"https:\/\/osmbklj.edu.ba\/index.php?rest_route=%2Fwp%2Fv2%2Fcategories&post=2606"},{"taxonomy":"post_tag","embeddable":true,"href":"https:\/\/osmbklj.edu.ba\/index.php?rest_route=%2Fwp%2Fv2%2Ftags&post=2606"}],"curies":[{"name":"wp","href":"https:\/\/api.w.org\/{rel}","templated":true}]}}