{"id":2630,"date":"2017-10-01T11:57:14","date_gmt":"2017-10-01T11:57:14","guid":{"rendered":"http:\/\/osmbklj.edu.ba\/?p=2630"},"modified":"2017-10-01T11:57:14","modified_gmt":"2017-10-01T11:57:14","slug":"kosarkasko-igraliste","status":"publish","type":"post","link":"https:\/\/osmbklj.edu.ba\/?p=2630","title":{"rendered":"KO\u0160ARKA\u0160KO IGRALI\u0160TE"},"content":{"rendered":"<p>U \u010detvrtak 28. septembra 2017. godine u dvori\u0161tu na\u0161e otvoren je osmi obnovljeni teren za basket.Ovo je nastavak aktivnosti na realizaciji projekta &#8220;Jesi li za basket&#8221;.<\/p>\n<p>Sve\u010danom otvorenju prisustvovao je na\u010delnik gosp. Ned\u017ead Ajnad\u017ei\u0107 sa brojnim zvanicama na\u0161e Op\u0107ine. Predsjedavaju\u0107a Op\u0107inskog vije\u0107a Karolina Kara\u010di\u0107 je uru\u010dila loptu na\u0161im u\u010denicima \u010dime je prva utakmica mogla po\u010deti.<\/p>\n<p>Ispred \u0161kole direktor Edin Smaji\u0107 uru\u010dio je zahvalnicu na\u010delniku Op\u0107ine i prijateljima sporta koji su se zalagali na realizaciji ovog projekta. Tako\u0111er je iskori\u0161tena prilika da se jo\u0161 jednom uka\u017ee na slijede\u0107i projekat rekonstrukcije sportske sale.<\/p>\n<p><img loading=\"lazy\" decoding=\"async\" class=\"alignleft wp-image-2632 size-medium\" src=\"http:\/\/osmbklj.edu.ba\/wp-content\/uploads\/2017\/10\/kosarkasko-igraliste-2-300x199.jpg\" alt=\"KO\u0160ARKA\u0160KO IGRALI\u0160TE 1\" width=\"300\" height=\"199\" \/> <img loading=\"lazy\" decoding=\"async\" class=\"alignleft size-medium wp-image-2633\" src=\"http:\/\/osmbklj.edu.ba\/wp-content\/uploads\/2017\/10\/kosarkasko-igraliste-3-300x199.jpg\" alt=\"KO\u0160ARKA\u0160KO IGRALI\u0160TE 2\" width=\"300\" height=\"199\" \/><\/p>\n","protected":false},"excerpt":{"rendered":"<p>U \u010detvrtak 28. septembra 2017. godine u dvori\u0161tu na\u0161e otvoren je osmi obnovljeni teren za basket.Ovo je nastavak aktivnosti na realizaciji projekta &#8220;Jesi li za basket&#8221;. Sve\u010danom otvorenju prisustvovao je na\u010delnik gosp. Ned\u017ead Ajnad\u017ei\u0107 sa brojnim zvanicama na\u0161e Op\u0107ine. Predsjedavaju\u0107a Op\u0107inskog vije\u0107a Karolina Kara\u010di\u0107 je uru\u010dila loptu na\u0161im u\u010denicima \u010dime je prva utakmica mogla po\u010deti.<\/p>\n","protected":false},"author":1,"featured_media":2632,"comment_status":"closed","ping_status":"closed","sticky":false,"template":"","format":"standard","meta":{"footnotes":""},"categories":[30],"tags":[33],"class_list":["post-2630","post","type-post","status-publish","format-standard","has-post-thumbnail","hentry","category-vijesti","tag-slider"],"_links":{"self":[{"href":"https:\/\/osmbklj.edu.ba\/index.php?rest_route=\/wp\/v2\/posts\/2630","targetHints":{"allow":["GET"]}}],"collection":[{"href":"https:\/\/osmbklj.edu.ba\/index.php?rest_route=\/wp\/v2\/posts"}],"about":[{"href":"https:\/\/osmbklj.edu.ba\/index.php?rest_route=\/wp\/v2\/types\/post"}],"author":[{"embeddable":true,"href":"https:\/\/osmbklj.edu.ba\/index.php?rest_route=\/wp\/v2\/users\/1"}],"replies":[{"embeddable":true,"href":"https:\/\/osmbklj.edu.ba\/index.php?rest_route=%2Fwp%2Fv2%2Fcomments&post=2630"}],"version-history":[{"count":0,"href":"https:\/\/osmbklj.edu.ba\/index.php?rest_route=\/wp\/v2\/posts\/2630\/revisions"}],"wp:featuredmedia":[{"embeddable":true,"href":"https:\/\/osmbklj.edu.ba\/index.php?rest_route=\/"}],"wp:attachment":[{"href":"https:\/\/osmbklj.edu.ba\/index.php?rest_route=%2Fwp%2Fv2%2Fmedia&parent=2630"}],"wp:term":[{"taxonomy":"category","embeddable":true,"href":"https:\/\/osmbklj.edu.ba\/index.php?rest_route=%2Fwp%2Fv2%2Fcategories&post=2630"},{"taxonomy":"post_tag","embeddable":true,"href":"https:\/\/osmbklj.edu.ba\/index.php?rest_route=%2Fwp%2Fv2%2Ftags&post=2630"}],"curies":[{"name":"wp","href":"https:\/\/api.w.org\/{rel}","templated":true}]}}