{"id":2832,"date":"2017-12-14T19:18:23","date_gmt":"2017-12-14T19:18:23","guid":{"rendered":"http:\/\/osmbklj.edu.ba\/?p=2832"},"modified":"2017-12-14T19:18:23","modified_gmt":"2017-12-14T19:18:23","slug":"posjeta-historijskom-muzeju","status":"publish","type":"post","link":"https:\/\/osmbklj.edu.ba\/?p=2832","title":{"rendered":"POSJETA HISTORIJSKOM MUZEJU"},"content":{"rendered":"<p>DANAS, 14.12.2017, GODINE \u010cLANOVI SEKCIJE O\u010cUVANJE KULTURNE BA\u0160TINE SA NASTAVNICOM LEJLOM ALI\u010cI\u0106 POSJETILI HISTORIJSKI MUZEJ. U\u010cENICI SU IMALI PRILIKU DA OBI\u0110U TRI AKTUELNE POSTAVKE MUZEJA.<\/p>\n<p><img loading=\"lazy\" decoding=\"async\" class=\"alignleft size-medium wp-image-2833\" src=\"http:\/\/osmbklj.edu.ba\/wp-content\/uploads\/2017\/12\/posjeta-historijskom-muzeju-300x225.jpg\" alt=\"POSJETA HISTORIJSKOM MUZEJU\" width=\"300\" height=\"225\" \/><\/p>\n<p><img loading=\"lazy\" decoding=\"async\" class=\"alignleft size-medium wp-image-2834\" src=\"http:\/\/osmbklj.edu.ba\/wp-content\/uploads\/2017\/12\/posjeta-historijskom-muzeju-2-300x225.jpg\" alt=\"POSJETA HISTORIJSKOM MUZEJU 1\" width=\"300\" height=\"225\" \/><\/p>\n<p>&nbsp;<\/p>\n<p>&nbsp;<\/p>\n<p>&nbsp;<\/p>\n<p>&nbsp;<\/p>\n<p>&nbsp;<\/p>\n<p>&nbsp;<\/p>\n<p>&nbsp;<\/p>\n<p>&nbsp;<\/p>\n<p>OVOM PRILIKOM SU VIDJETI PROSTOR GDJE SE DEPONUJU DOBIJENI ARTEFAKTI, KAO I KAKO SE PRIPREMAJU I UVR\u0160TAVAJU U POSTAVKE. TAKO\u0110ER SU IMALI PRILIKU DA VIDE I \u010cUJU KAKO JE IZGLEDAO \u017dIVOT U SARAJEVU U VRIJEME OPSADE 1992-199.<\/p>\n<p><img loading=\"lazy\" decoding=\"async\" class=\"alignleft size-medium wp-image-2836\" src=\"http:\/\/osmbklj.edu.ba\/wp-content\/uploads\/2017\/12\/posjeta-historijskom-muzeju-4-300x225.jpg\" alt=\"POSJETA HISTORIJSKOM MUZEJU 3\" width=\"300\" height=\"225\" \/> <img loading=\"lazy\" decoding=\"async\" class=\"alignleft size-medium wp-image-2837\" src=\"http:\/\/osmbklj.edu.ba\/wp-content\/uploads\/2017\/12\/posjeta-historijskom-muzeju-5-300x225.jpg\" alt=\"POSJETA HISTORIJSKOM MUZEJU 4\" width=\"300\" height=\"225\" \/><\/p>\n","protected":false},"excerpt":{"rendered":"<p>DANAS, 14.12.2017, GODINE \u010cLANOVI SEKCIJE O\u010cUVANJE KULTURNE BA\u0160TINE SA NASTAVNICOM LEJLOM ALI\u010cI\u0106 POSJETILI HISTORIJSKI MUZEJ. U\u010cENICI SU IMALI PRILIKU DA OBI\u0110U TRI AKTUELNE POSTAVKE MUZEJA. &nbsp; &nbsp; &nbsp; &nbsp; &nbsp; &nbsp; &nbsp; &nbsp; OVOM PRILIKOM SU VIDJETI PROSTOR GDJE SE DEPONUJU DOBIJENI ARTEFAKTI, KAO I KAKO SE PRIPREMAJU I UVR\u0160TAVAJU U POSTAVKE. TAKO\u0110ER SU IMALI<\/p>\n","protected":false},"author":1,"featured_media":2835,"comment_status":"closed","ping_status":"closed","sticky":false,"template":"","format":"standard","meta":{"footnotes":""},"categories":[21],"tags":[33],"class_list":["post-2832","post","type-post","status-publish","format-standard","has-post-thumbnail","hentry","category-desavanja","tag-slider"],"_links":{"self":[{"href":"https:\/\/osmbklj.edu.ba\/index.php?rest_route=\/wp\/v2\/posts\/2832","targetHints":{"allow":["GET"]}}],"collection":[{"href":"https:\/\/osmbklj.edu.ba\/index.php?rest_route=\/wp\/v2\/posts"}],"about":[{"href":"https:\/\/osmbklj.edu.ba\/index.php?rest_route=\/wp\/v2\/types\/post"}],"author":[{"embeddable":true,"href":"https:\/\/osmbklj.edu.ba\/index.php?rest_route=\/wp\/v2\/users\/1"}],"replies":[{"embeddable":true,"href":"https:\/\/osmbklj.edu.ba\/index.php?rest_route=%2Fwp%2Fv2%2Fcomments&post=2832"}],"version-history":[{"count":0,"href":"https:\/\/osmbklj.edu.ba\/index.php?rest_route=\/wp\/v2\/posts\/2832\/revisions"}],"wp:featuredmedia":[{"embeddable":true,"href":"https:\/\/osmbklj.edu.ba\/index.php?rest_route=\/"}],"wp:attachment":[{"href":"https:\/\/osmbklj.edu.ba\/index.php?rest_route=%2Fwp%2Fv2%2Fmedia&parent=2832"}],"wp:term":[{"taxonomy":"category","embeddable":true,"href":"https:\/\/osmbklj.edu.ba\/index.php?rest_route=%2Fwp%2Fv2%2Fcategories&post=2832"},{"taxonomy":"post_tag","embeddable":true,"href":"https:\/\/osmbklj.edu.ba\/index.php?rest_route=%2Fwp%2Fv2%2Ftags&post=2832"}],"curies":[{"name":"wp","href":"https:\/\/api.w.org\/{rel}","templated":true}]}}