{"id":2862,"date":"2018-02-19T17:10:56","date_gmt":"2018-02-19T17:10:56","guid":{"rendered":"http:\/\/osmbklj.edu.ba\/?p=2862"},"modified":"2018-02-19T17:10:56","modified_gmt":"2018-02-19T17:10:56","slug":"obiljezavanje-godisnjice-105-motorizovane-brigade","status":"publish","type":"post","link":"https:\/\/osmbklj.edu.ba\/?p=2862","title":{"rendered":"OBILJE\u017dAVANJE GODI\u0160NJICE 105. MOTORIZOVANE BRIGADE"},"content":{"rendered":"<p>Na Grdonju je 18. 02. 2018. godine odr\u017eana centralna manifestacija povodom obilje\u017eavanja 25. godi\u0161njice 105. motorizovane brigade. Na\u0161i u\u010denici VI-1 i VI-2 razreda su s razrednicama Miki\u0107 Marijom, Mustafi\u0107 Behdijom i nastavnikom Zekovi\u0107 Mirzom, svojim prisustvom uveli\u010dali ovaj historijski dan. Centralna sve\u010danost je odr\u017eana na lokalitetu spomen \u2013 obilje\u017eja \u201cMala kula\u201d.<\/p>\n<p><img loading=\"lazy\" decoding=\"async\" class=\"alignleft size-medium wp-image-2867\" src=\"http:\/\/osmbklj.edu.ba\/wp-content\/uploads\/2018\/02\/obiljezavanje-godisnjice-105-motorizovane-brigade-5-300x225.jpg\" alt=\"OBILJE\u017dAVANJE GODI\u0160NJICE 105. MOTORIZOVANE BRIGADE 4\" width=\"300\" height=\"225\" \/>\u00a0<img loading=\"lazy\" decoding=\"async\" class=\"alignleft size-medium wp-image-2864\" src=\"http:\/\/osmbklj.edu.ba\/wp-content\/uploads\/2018\/02\/obiljezavanje-godisnjice-105-motorizovane-brigade-2-300x225.jpg\" alt=\"OBILJE\u017dAVANJE GODI\u0160NJICE 105. MOTORIZOVANE BRIGADE 1\" width=\"300\" height=\"225\" \/> <img loading=\"lazy\" decoding=\"async\" class=\"alignleft size-medium wp-image-2865\" src=\"http:\/\/osmbklj.edu.ba\/wp-content\/uploads\/2018\/02\/obiljezavanje-godisnjice-105-motorizovane-brigade-3-300x225.jpg\" alt=\"OBILJE\u017dAVANJE GODI\u0160NJICE 105. MOTORIZOVANE BRIGADE 2\" width=\"300\" height=\"225\" \/><\/p>\n<p>Uprili\u010deno je dru\u017eenje s borcima, \u0161ehidskim porodicama i porodicama poginulih boraca. Prisutni su \u010duli kako se branio na\u0161 grad i kako se se \u017eivjelo u opkoljenom Sarajevu. Na sve\u010danosti je istaknut zna\u010daj obilje\u017eavanja ove manifestacije.<br \/>\nBorci su priredili dobrodo\u0161licu svima. U\u010denici su dobili sendvi\u010de, \u010dokolade, sokove. Svi su bili u prilici popiti topli \u010daj i pojesti grah, posjetili su i Muzej 105. motorizovane brigade.<\/p>\n","protected":false},"excerpt":{"rendered":"<p>Na Grdonju je 18. 02. 2018. godine odr\u017eana centralna manifestacija povodom obilje\u017eavanja 25. godi\u0161njice 105. motorizovane brigade. Na\u0161i u\u010denici VI-1 i VI-2 razreda su s razrednicama Miki\u0107 Marijom, Mustafi\u0107 Behdijom i nastavnikom Zekovi\u0107 Mirzom, svojim prisustvom uveli\u010dali ovaj historijski dan. Centralna sve\u010danost je odr\u017eana na lokalitetu spomen \u2013 obilje\u017eja \u201cMala kula\u201d. \u00a0 Uprili\u010deno je dru\u017eenje<\/p>\n","protected":false},"author":1,"featured_media":2863,"comment_status":"closed","ping_status":"closed","sticky":false,"template":"","format":"standard","meta":{"footnotes":""},"categories":[21],"tags":[33],"class_list":["post-2862","post","type-post","status-publish","format-standard","has-post-thumbnail","hentry","category-desavanja","tag-slider"],"_links":{"self":[{"href":"https:\/\/osmbklj.edu.ba\/index.php?rest_route=\/wp\/v2\/posts\/2862","targetHints":{"allow":["GET"]}}],"collection":[{"href":"https:\/\/osmbklj.edu.ba\/index.php?rest_route=\/wp\/v2\/posts"}],"about":[{"href":"https:\/\/osmbklj.edu.ba\/index.php?rest_route=\/wp\/v2\/types\/post"}],"author":[{"embeddable":true,"href":"https:\/\/osmbklj.edu.ba\/index.php?rest_route=\/wp\/v2\/users\/1"}],"replies":[{"embeddable":true,"href":"https:\/\/osmbklj.edu.ba\/index.php?rest_route=%2Fwp%2Fv2%2Fcomments&post=2862"}],"version-history":[{"count":0,"href":"https:\/\/osmbklj.edu.ba\/index.php?rest_route=\/wp\/v2\/posts\/2862\/revisions"}],"wp:featuredmedia":[{"embeddable":true,"href":"https:\/\/osmbklj.edu.ba\/index.php?rest_route=\/"}],"wp:attachment":[{"href":"https:\/\/osmbklj.edu.ba\/index.php?rest_route=%2Fwp%2Fv2%2Fmedia&parent=2862"}],"wp:term":[{"taxonomy":"category","embeddable":true,"href":"https:\/\/osmbklj.edu.ba\/index.php?rest_route=%2Fwp%2Fv2%2Fcategories&post=2862"},{"taxonomy":"post_tag","embeddable":true,"href":"https:\/\/osmbklj.edu.ba\/index.php?rest_route=%2Fwp%2Fv2%2Ftags&post=2862"}],"curies":[{"name":"wp","href":"https:\/\/api.w.org\/{rel}","templated":true}]}}