{"id":2883,"date":"2018-02-28T19:18:15","date_gmt":"2018-02-28T19:18:15","guid":{"rendered":"http:\/\/osmbklj.edu.ba\/?p=2883"},"modified":"2018-02-28T19:18:15","modified_gmt":"2018-02-28T19:18:15","slug":"skolska-svecanost-povodom-1-marta","status":"publish","type":"post","link":"https:\/\/osmbklj.edu.ba\/?p=2883","title":{"rendered":"\u0160KOLSKA SVE\u010cANOST POVODOM 1. MARTA"},"content":{"rendered":"<p>Prvog marta 1992. godine gra\u0111ani na\u0161e dr\u017eave su se opredijelili za nezavisnost Bosne i Hercegovine. Tog dana 1992. godine 64% gra\u0111ana Bosne i Hercegovine potvrdno je odgovorilo na referendumsko pitanje da Bosna i Hercegovina bude nezavisna dr\u017eava svih njenih gra\u0111ana i ravnopravnih naroda. S toga, neka nam je odr\u017eiva i stabilna na\u0161a jedina domovina, Bosna i Hercegovina.<\/p>\n<p>Bilo je to uvodno obra\u0107anje na\u0161eg voditeljskog tandema nakog kojeg su \u010dlanovi hora poklonili prekrasnu pjesmu <strong>Mojoj BiH<\/strong>. Ubrzo su nas <strong>Cristian, Hana, Amela i Aziza <\/strong>po\u010dastili recitalom &#8220;Putevi&#8221;. Jo\u0161 sla\u0111i glasi\u0107i medenih prva\u010di\u0107a opjevali su Bosnu kroz stihove <strong>Zapjevajmo pjesmu staru<\/strong>.<\/p>\n<p><img loading=\"lazy\" decoding=\"async\" class=\"alignleft size-medium wp-image-2884\" src=\"http:\/\/osmbklj.edu.ba\/wp-content\/uploads\/2018\/02\/skolska-svecanost-povodom-1-marta-300x169.jpg\" alt=\"\u0160KOLSKA SVE\u010cANOST POVODOM 1. MARTA\" width=\"300\" height=\"169\" \/> <img loading=\"lazy\" decoding=\"async\" class=\"alignleft size-medium wp-image-2885\" src=\"http:\/\/osmbklj.edu.ba\/wp-content\/uploads\/2018\/02\/skolska-svecanost-povodom-1-marta-2-300x169.jpg\" alt=\"\u0160KOLSKA SVE\u010cANOST POVODOM 1. MARTA 1\" width=\"300\" height=\"169\" \/><\/p>\n<p>&nbsp;<\/p>\n<p>&nbsp;<\/p>\n<p>&nbsp;<\/p>\n<p>&nbsp;<\/p>\n<p>&nbsp;<\/p>\n<p>&nbsp;<\/p>\n<p>O silnim ljepotama na\u0161e domovine, dobrih ljudima i sjajnim no\u0107ima govorili su glumci <strong>Dramske sekcije<\/strong>. Svojom solom izvedbom pjesme\u00a0&#8220;Reci Bosno&#8221;, <strong>Lamija Zuko<\/strong> po\u010dastila je sve prisutne. &#8220;Zapis o zemlji&#8221; je pripremio <strong>Cristian<\/strong>. Na samom kraju \u010dlanovi <strong>Ritmi\u010dke sekcije<\/strong> poklonili su ples ovoj predivnoj publici uz pjesmu <strong>Kad bi svi ljudi na svijetu<\/strong>.<\/p>\n<p><img loading=\"lazy\" decoding=\"async\" class=\"alignleft size-medium wp-image-2891\" src=\"http:\/\/osmbklj.edu.ba\/wp-content\/uploads\/2018\/02\/skolska-svecanost-povodom-1-marta-5-300x169.jpg\" alt=\"\u0160KOLSKA SVE\u010cANOST POVODOM 1. MARTA 4\" width=\"300\" height=\"169\" \/> <img loading=\"lazy\" decoding=\"async\" class=\"alignleft size-medium wp-image-2886\" src=\"http:\/\/osmbklj.edu.ba\/wp-content\/uploads\/2018\/02\/skolska-svecanost-povodom-1-marta-3-300x169.jpg\" alt=\"\u0160KOLSKA SVE\u010cANOST POVODOM 1. MARTA 2\" width=\"300\" height=\"169\" \/><\/p>\n<p><img loading=\"lazy\" decoding=\"async\" class=\"alignleft size-medium wp-image-2893\" src=\"http:\/\/osmbklj.edu.ba\/wp-content\/uploads\/2018\/02\/skolska-svecanost-povodom-1-marta-6-300x169.png\" alt=\"\u0160KOLSKA SVE\u010cANOST POVODOM 1. MARTA 5\" width=\"300\" height=\"169\" \/><\/p>\n","protected":false},"excerpt":{"rendered":"<p>Prvog marta 1992. godine gra\u0111ani na\u0161e dr\u017eave su se opredijelili za nezavisnost Bosne i Hercegovine. Tog dana 1992. godine 64% gra\u0111ana Bosne i Hercegovine potvrdno je odgovorilo na referendumsko pitanje da Bosna i Hercegovina bude nezavisna dr\u017eava svih njenih gra\u0111ana i ravnopravnih naroda. S toga, neka nam je odr\u017eiva i stabilna na\u0161a jedina domovina, Bosna<\/p>\n","protected":false},"author":1,"featured_media":2887,"comment_status":"closed","ping_status":"closed","sticky":false,"template":"","format":"standard","meta":{"footnotes":""},"categories":[21],"tags":[33],"class_list":["post-2883","post","type-post","status-publish","format-standard","has-post-thumbnail","hentry","category-desavanja","tag-slider"],"_links":{"self":[{"href":"https:\/\/osmbklj.edu.ba\/index.php?rest_route=\/wp\/v2\/posts\/2883","targetHints":{"allow":["GET"]}}],"collection":[{"href":"https:\/\/osmbklj.edu.ba\/index.php?rest_route=\/wp\/v2\/posts"}],"about":[{"href":"https:\/\/osmbklj.edu.ba\/index.php?rest_route=\/wp\/v2\/types\/post"}],"author":[{"embeddable":true,"href":"https:\/\/osmbklj.edu.ba\/index.php?rest_route=\/wp\/v2\/users\/1"}],"replies":[{"embeddable":true,"href":"https:\/\/osmbklj.edu.ba\/index.php?rest_route=%2Fwp%2Fv2%2Fcomments&post=2883"}],"version-history":[{"count":0,"href":"https:\/\/osmbklj.edu.ba\/index.php?rest_route=\/wp\/v2\/posts\/2883\/revisions"}],"wp:featuredmedia":[{"embeddable":true,"href":"https:\/\/osmbklj.edu.ba\/index.php?rest_route=\/"}],"wp:attachment":[{"href":"https:\/\/osmbklj.edu.ba\/index.php?rest_route=%2Fwp%2Fv2%2Fmedia&parent=2883"}],"wp:term":[{"taxonomy":"category","embeddable":true,"href":"https:\/\/osmbklj.edu.ba\/index.php?rest_route=%2Fwp%2Fv2%2Fcategories&post=2883"},{"taxonomy":"post_tag","embeddable":true,"href":"https:\/\/osmbklj.edu.ba\/index.php?rest_route=%2Fwp%2Fv2%2Ftags&post=2883"}],"curies":[{"name":"wp","href":"https:\/\/api.w.org\/{rel}","templated":true}]}}