{"id":2911,"date":"2018-03-04T10:40:14","date_gmt":"2018-03-04T10:40:14","guid":{"rendered":"http:\/\/osmbklj.edu.ba\/?p=2911"},"modified":"2018-03-04T10:40:14","modified_gmt":"2018-03-04T10:40:14","slug":"priznanja-iz-muzeja-alija-izetbegovic","status":"publish","type":"post","link":"https:\/\/osmbklj.edu.ba\/?p=2911","title":{"rendered":"PRIZNANJA IZ MUZEJA ALIJA IZETBEGOVI\u0106"},"content":{"rendered":"<p><img loading=\"lazy\" decoding=\"async\" class=\"alignleft size-medium wp-image-2912\" src=\"http:\/\/osmbklj.edu.ba\/wp-content\/uploads\/2018\/03\/priznanja-iz-muzeja-alija-izetbegovic-169x300.jpg\" alt=\"PRIZNANJA IZ MUZEJA ALIJA IZETBEGOVI\u0106\" width=\"169\" height=\"300\" \/>28.02.2018, u muzeju Alija Izetbegovi\u0107, odr\u017eana je tradicionalna manifestacija povodom Dana nezavisnosti, na kojoj su uru\u010dena priznanja \u0161kolama, direktorima, u\u010denicima i nastavnicima za u\u010de\u0161\u0107e u interaktivnim radionicama muzeja. Na\u0161a \u0161kola se i ove godine na\u0161la me\u0111u nagra\u0111enima. U\u010denici Amna Fejzi\u0107, Hena Potogija i Amel Fo\u010do su nagra\u0111eni u\u010denici. Priznanje je dobila i nastavnica Lejla Ali\u010di\u0107 za izuzetan doprinos i saradnju u okviru interaktivnih \u0161kolskih radionica. Pedagogica Berka Bibi\u0107 je preuzela zahvalnice u ime na\u0161e \u0161kole.<\/p>\n<p>&nbsp;<\/p>\n<p><img loading=\"lazy\" decoding=\"async\" class=\"wp-image-2914 size-full alignnone\" src=\"http:\/\/osmbklj.edu.ba\/wp-content\/uploads\/2018\/03\/priznanja-iz-muzeja-alija-izetbegovic-2.jpg\" alt=\"PRIZNANJA IZ MUZEJA ALIJA IZETBEGOVI\u0106 1\" width=\"448\" height=\"252\" \/><\/p>\n","protected":false},"excerpt":{"rendered":"<p>28.02.2018, u muzeju Alija Izetbegovi\u0107, odr\u017eana je tradicionalna manifestacija povodom Dana nezavisnosti, na kojoj su uru\u010dena priznanja \u0161kolama, direktorima, u\u010denicima i nastavnicima za u\u010de\u0161\u0107e u interaktivnim radionicama muzeja. Na\u0161a \u0161kola se i ove godine na\u0161la me\u0111u nagra\u0111enima. U\u010denici Amna Fejzi\u0107, Hena Potogija i Amel Fo\u010do su nagra\u0111eni u\u010denici. Priznanje je dobila i nastavnica Lejla Ali\u010di\u0107<\/p>\n","protected":false},"author":1,"featured_media":2917,"comment_status":"closed","ping_status":"closed","sticky":false,"template":"","format":"standard","meta":{"footnotes":""},"categories":[30],"tags":[33],"class_list":["post-2911","post","type-post","status-publish","format-standard","has-post-thumbnail","hentry","category-vijesti","tag-slider"],"_links":{"self":[{"href":"https:\/\/osmbklj.edu.ba\/index.php?rest_route=\/wp\/v2\/posts\/2911","targetHints":{"allow":["GET"]}}],"collection":[{"href":"https:\/\/osmbklj.edu.ba\/index.php?rest_route=\/wp\/v2\/posts"}],"about":[{"href":"https:\/\/osmbklj.edu.ba\/index.php?rest_route=\/wp\/v2\/types\/post"}],"author":[{"embeddable":true,"href":"https:\/\/osmbklj.edu.ba\/index.php?rest_route=\/wp\/v2\/users\/1"}],"replies":[{"embeddable":true,"href":"https:\/\/osmbklj.edu.ba\/index.php?rest_route=%2Fwp%2Fv2%2Fcomments&post=2911"}],"version-history":[{"count":0,"href":"https:\/\/osmbklj.edu.ba\/index.php?rest_route=\/wp\/v2\/posts\/2911\/revisions"}],"wp:featuredmedia":[{"embeddable":true,"href":"https:\/\/osmbklj.edu.ba\/index.php?rest_route=\/"}],"wp:attachment":[{"href":"https:\/\/osmbklj.edu.ba\/index.php?rest_route=%2Fwp%2Fv2%2Fmedia&parent=2911"}],"wp:term":[{"taxonomy":"category","embeddable":true,"href":"https:\/\/osmbklj.edu.ba\/index.php?rest_route=%2Fwp%2Fv2%2Fcategories&post=2911"},{"taxonomy":"post_tag","embeddable":true,"href":"https:\/\/osmbklj.edu.ba\/index.php?rest_route=%2Fwp%2Fv2%2Ftags&post=2911"}],"curies":[{"name":"wp","href":"https:\/\/api.w.org\/{rel}","templated":true}]}}