{"id":2948,"date":"2018-03-28T18:34:12","date_gmt":"2018-03-28T18:34:12","guid":{"rendered":"http:\/\/osmbklj.edu.ba\/?p=2948"},"modified":"2018-03-28T18:34:12","modified_gmt":"2018-03-28T18:34:12","slug":"najbolji-smo-iz-fizike","status":"publish","type":"post","link":"https:\/\/osmbklj.edu.ba\/?p=2948","title":{"rendered":"NAJBOLJI SMO IZ FIZIKE"},"content":{"rendered":"<p>Na\u0161i vrijedni \u010dlanovi begovske zajednice nastavljaju nizati vrhunske rezultate.<\/p>\n<p>Za takmi\u010denje iz Fizike nastavnica D\u017eenana Vuleta vrijedno je pripremala u\u010denike osmih i devetih razreda. Nagrada za njihov rad do\u0161la je danas na Op\u0107inskom takmi\u010denju \u010diji smo ujedno bili doma\u0107ini.<\/p>\n<p><img loading=\"lazy\" decoding=\"async\" class=\"alignleft size-full wp-image-2954\" src=\"http:\/\/osmbklj.edu.ba\/wp-content\/uploads\/2018\/03\/najbolji-smo-iz-fizike-6.jpg\" alt=\"NAJBOLJI SMO IZ FIZIKE 5\" width=\"640\" height=\"360\" \/><\/p>\n<p><strong>Admir Zatega, Emina Gi\u010devi\u0107 i Iman Mezit<\/strong> predstavljali su opasnu konkurenciju u kategoriji VIII razreda. Na\u0161 <strong>Admir<\/strong> je ponovo zauzeo <strong>1. mjesto<\/strong> sa nevjerovatnih <strong>90<\/strong> <strong>bodova<\/strong> gdje nije imao nijednog suparnika koji bi ga ugrozio na ovoj poziciji. <strong>Emina<\/strong> i <strong>Iman<\/strong> su zauzele <strong>5.<\/strong>, odnosno, <strong>6.<\/strong> mjesto \u010dime je u konkurenciji <strong>VIII razreda ekipno<\/strong> na\u0161oj \u0161koli pripala <strong>zlatna medalja.<\/strong><\/p>\n<p><strong>Srebrna medalja u kategoriji IX razreda<\/strong> osigurana je zahvaljuju\u0107i izuzetnih nastupima u\u010denika u ovoj kategoriji. Ovu ekipu su sa\u010dinjavali: <strong>Hena Potogija, Nihad Mand\u017eo i Halima Pezo<\/strong>. <strong>Hena<\/strong> je osvojila <strong>2. mjesto<\/strong>, a odmah iza nje na <strong>3. poziciji<\/strong> bio je <strong>Nihad<\/strong>. Uz <strong>Haliminu 7. poziciju<\/strong> odmah je bilo jasno da \u0107e se na\u0161a \u0161kola visoko plasirati me\u0111u vr\u0161njacima IX razreda.<\/p>\n<p><img loading=\"lazy\" decoding=\"async\" class=\"alignleft size-full wp-image-2952\" src=\"http:\/\/osmbklj.edu.ba\/wp-content\/uploads\/2018\/03\/najbolji-smo-iz-fizike-4.jpg\" alt=\"NAJBOLJI SMO IZ FIZIKE 3\" width=\"252\" height=\"201\" \/> <img loading=\"lazy\" decoding=\"async\" class=\"alignleft size-full wp-image-2951\" src=\"http:\/\/osmbklj.edu.ba\/wp-content\/uploads\/2018\/03\/najbolji-smo-iz-fizike-3.jpg\" alt=\"NAJBOLJI SMO IZ FIZIKE 2\" width=\"252\" height=\"219\" \/> <img loading=\"lazy\" decoding=\"async\" class=\"alignleft size-full wp-image-2950\" src=\"http:\/\/osmbklj.edu.ba\/wp-content\/uploads\/2018\/03\/najbolji-smo-iz-fizike-2.jpg\" alt=\"NAJBOLJI SMO IZ FIZIKE 1\" width=\"252\" height=\"188\" \/> <img loading=\"lazy\" decoding=\"async\" class=\"alignleft size-full wp-image-2949\" src=\"http:\/\/osmbklj.edu.ba\/wp-content\/uploads\/2018\/03\/najbolji-smo-iz-fizike.jpg\" alt=\"NAJBOLJI SMO IZ FIZIKE\" width=\"252\" height=\"167\" \/><\/p>\n<p>Bilo je \u017eivo i ovog dana u begovskoj ustanovi. Dan prije su pripremljene prostorije i u cijelosti organizovana sve\u010dana najava takmi\u010dara koji \u0107e od ranih jutarnjih sati pristizati na Ko\u0161evsko Brdo. Doma\u0107ini su vrijedno radili na svemu da ovo takmi\u010denje pro\u0111e u najboljem redu.; prijem takmi\u010dara, raspored po u\u010dionicama u kojima \u0107e biti smje\u0161teni u\u010denici prema grupama, hrana (sendvi\u010di i soki\u0107i), briga o kolegama koji su do\u0161li iz drugih \u0161kola, ugodan ambijent za komisiju koja \u0107e pregledati radove itd.<\/p>\n<p>Sretni smo da su svi na\u0161i resursi bili na raspolaganju i da su poslu\u017eili u najbolje svrhe. Posjetitelji su na kraju istakli sav u\u017eitak koji ih je pratio tokom dana i spremnost da se naredne godine pojave na istom mjestu s nadom u bolje rezultate u \u0161to \u010disto sumnjamo analiziraju\u0107i jo\u0161 jednom rezultate.<\/p>\n<p>Sve \u010destitke mentorici, nastavnici D\u017eenani Vuleta i njenim u\u010denicima J<\/p>\n","protected":false},"excerpt":{"rendered":"<p>Na\u0161i vrijedni \u010dlanovi begovske zajednice nastavljaju nizati vrhunske rezultate. Za takmi\u010denje iz Fizike nastavnica D\u017eenana Vuleta vrijedno je pripremala u\u010denike osmih i devetih razreda. Nagrada za njihov rad do\u0161la je danas na Op\u0107inskom takmi\u010denju \u010diji smo ujedno bili doma\u0107ini. Admir Zatega, Emina Gi\u010devi\u0107 i Iman Mezit predstavljali su opasnu konkurenciju u kategoriji VIII razreda. Na\u0161<\/p>\n","protected":false},"author":1,"featured_media":2953,"comment_status":"closed","ping_status":"closed","sticky":false,"template":"","format":"standard","meta":{"footnotes":""},"categories":[28],"tags":[33],"class_list":["post-2948","post","type-post","status-publish","format-standard","has-post-thumbnail","hentry","category-takmicenja","tag-slider"],"_links":{"self":[{"href":"https:\/\/osmbklj.edu.ba\/index.php?rest_route=\/wp\/v2\/posts\/2948","targetHints":{"allow":["GET"]}}],"collection":[{"href":"https:\/\/osmbklj.edu.ba\/index.php?rest_route=\/wp\/v2\/posts"}],"about":[{"href":"https:\/\/osmbklj.edu.ba\/index.php?rest_route=\/wp\/v2\/types\/post"}],"author":[{"embeddable":true,"href":"https:\/\/osmbklj.edu.ba\/index.php?rest_route=\/wp\/v2\/users\/1"}],"replies":[{"embeddable":true,"href":"https:\/\/osmbklj.edu.ba\/index.php?rest_route=%2Fwp%2Fv2%2Fcomments&post=2948"}],"version-history":[{"count":0,"href":"https:\/\/osmbklj.edu.ba\/index.php?rest_route=\/wp\/v2\/posts\/2948\/revisions"}],"wp:featuredmedia":[{"embeddable":true,"href":"https:\/\/osmbklj.edu.ba\/index.php?rest_route=\/"}],"wp:attachment":[{"href":"https:\/\/osmbklj.edu.ba\/index.php?rest_route=%2Fwp%2Fv2%2Fmedia&parent=2948"}],"wp:term":[{"taxonomy":"category","embeddable":true,"href":"https:\/\/osmbklj.edu.ba\/index.php?rest_route=%2Fwp%2Fv2%2Fcategories&post=2948"},{"taxonomy":"post_tag","embeddable":true,"href":"https:\/\/osmbklj.edu.ba\/index.php?rest_route=%2Fwp%2Fv2%2Ftags&post=2948"}],"curies":[{"name":"wp","href":"https:\/\/api.w.org\/{rel}","templated":true}]}}