{"id":3027,"date":"2018-04-24T08:10:58","date_gmt":"2018-04-24T08:10:58","guid":{"rendered":"http:\/\/osmbklj.edu.ba\/?p=3027"},"modified":"2018-04-24T08:10:58","modified_gmt":"2018-04-24T08:10:58","slug":"na-sajmu-knjiga","status":"publish","type":"post","link":"https:\/\/osmbklj.edu.ba\/?p=3027","title":{"rendered":"NA SAJMU KNJIGA"},"content":{"rendered":"<p>Na\u0161i u\u010denici sedmih i devetih razreda \u00a0te \u010dlanovi Novinarske\u00a0 sekcije 23.04.2018. godine, posjetili su Sajam knjiga s nastavnicama Re\u0161adom Kobiljak i Behdijom Mustafi\u0107.<\/p>\n<p>Sajam je ponudio raznovrsne sadr\u017eaje. U\u010denici su bili u prilici da otkriju nove trendove iz onih oblasti koje su im zanimljive, \u00a0pregledaju djela za \u0161kolsku lektiru i sve ono \u0161to im je interesantno\u2026\u00a0U\u017eivali su u jednom\u00a0 od najposje\u0107enijih kulturnih doga\u0111aja u na\u0161em gradu \u00a0gdje\u00a0 se de\u0161avaju lijepa \u00a0dru\u017eenja izdava\u010da, publike i pisaca. Bogatiji \u00a0smo za jo\u0161 \u00a0jedno lijepo i pou\u010dno dru\u017eenje.<\/p>\n<p><img loading=\"lazy\" decoding=\"async\" class=\"alignleft size-full wp-image-3042\" src=\"http:\/\/osmbklj.edu.ba\/wp-content\/uploads\/2018\/04\/na-sajmu-knjiga-2.jpg\" alt=\"NA SAJMU KNJIGA\" width=\"750\" height=\"1000\" \/><\/p>\n<p>Na\u0161i u\u010denici su na dodjeli sajamskih nagrada u pet kategorija upoznali najboljeg izdava\u010da godine, Art Rabic d.o.o. Sarajevo, te najbolji izdava\u010dki poduhvat &#8220;Malik Books&#8221;. Tako\u0111er su se upoznali sa zanimanjima i odlikama dizajndizajniranje rukopisanajbolju dje\u010diju knjigu dodijeljena je za knjigu &#8220;Bajka o gavranu Gaku&#8221; autora Muhidina \u0160ari\u0107a u izdanju IK &#8220;Bosanska rije\u010d&#8221; Tuzla<\/p>\n<p><img loading=\"lazy\" decoding=\"async\" class=\"alignleft size-full wp-image-3043\" src=\"http:\/\/osmbklj.edu.ba\/wp-content\/uploads\/2018\/04\/na-sajmu-knjiga-3.jpg\" alt=\"NA SAJMU KNJIGA 1\" width=\"750\" height=\"562\" \/><\/p>\n<p>Na ovogodi\u0161njem sajmu bilo je 160 izlaga\u010da iz 18 dr\u017eava, a kako je najavljeno naredni sajam knjige i 15. Bijenale knjige bit \u0107e odr\u017ean od 17. do 22. aprila 2019. godine.<\/p>\n<p>&nbsp;<\/p>\n","protected":false},"excerpt":{"rendered":"<p>Na\u0161i u\u010denici sedmih i devetih razreda \u00a0te \u010dlanovi Novinarske\u00a0 sekcije 23.04.2018. godine, posjetili su Sajam knjiga s nastavnicama Re\u0161adom Kobiljak i Behdijom Mustafi\u0107. Sajam je ponudio raznovrsne sadr\u017eaje. U\u010denici su bili u prilici da otkriju nove trendove iz onih oblasti koje su im zanimljive, \u00a0pregledaju djela za \u0161kolsku lektiru i sve ono \u0161to im je<\/p>\n","protected":false},"author":1,"featured_media":3044,"comment_status":"closed","ping_status":"closed","sticky":false,"template":"","format":"standard","meta":{"footnotes":""},"categories":[21],"tags":[33],"class_list":["post-3027","post","type-post","status-publish","format-standard","has-post-thumbnail","hentry","category-desavanja","tag-slider"],"_links":{"self":[{"href":"https:\/\/osmbklj.edu.ba\/index.php?rest_route=\/wp\/v2\/posts\/3027","targetHints":{"allow":["GET"]}}],"collection":[{"href":"https:\/\/osmbklj.edu.ba\/index.php?rest_route=\/wp\/v2\/posts"}],"about":[{"href":"https:\/\/osmbklj.edu.ba\/index.php?rest_route=\/wp\/v2\/types\/post"}],"author":[{"embeddable":true,"href":"https:\/\/osmbklj.edu.ba\/index.php?rest_route=\/wp\/v2\/users\/1"}],"replies":[{"embeddable":true,"href":"https:\/\/osmbklj.edu.ba\/index.php?rest_route=%2Fwp%2Fv2%2Fcomments&post=3027"}],"version-history":[{"count":0,"href":"https:\/\/osmbklj.edu.ba\/index.php?rest_route=\/wp\/v2\/posts\/3027\/revisions"}],"wp:featuredmedia":[{"embeddable":true,"href":"https:\/\/osmbklj.edu.ba\/index.php?rest_route=\/"}],"wp:attachment":[{"href":"https:\/\/osmbklj.edu.ba\/index.php?rest_route=%2Fwp%2Fv2%2Fmedia&parent=3027"}],"wp:term":[{"taxonomy":"category","embeddable":true,"href":"https:\/\/osmbklj.edu.ba\/index.php?rest_route=%2Fwp%2Fv2%2Fcategories&post=3027"},{"taxonomy":"post_tag","embeddable":true,"href":"https:\/\/osmbklj.edu.ba\/index.php?rest_route=%2Fwp%2Fv2%2Ftags&post=3027"}],"curies":[{"name":"wp","href":"https:\/\/api.w.org\/{rel}","templated":true}]}}