{"id":3046,"date":"2018-04-27T18:59:23","date_gmt":"2018-04-27T18:59:23","guid":{"rendered":"http:\/\/osmbklj.edu.ba\/?p=3046"},"modified":"2018-04-27T18:59:23","modified_gmt":"2018-04-27T18:59:23","slug":"godisnjica-u-jukicevoj-ulici","status":"publish","type":"post","link":"https:\/\/osmbklj.edu.ba\/?p=3046","title":{"rendered":"GODI\u0160NJICA U JUKI\u0106EVOJ ULICI"},"content":{"rendered":"<p>Prisustvovali smo obilje\u017eavanju 25. godi\u0161njice stradanja trojice dje\u010daka u Juki\u0107evoj ulici. Polaganjem cvije\u0107a i odavanjem po\u010dasti obilje\u017eena je ova tu\u017ena godi\u0161njica. Cvije\u0107e su na spomen-obilje\u017eje polo\u017eili \u010dlanovi Udru\u017eenja roditelja ubijene djece opkoljenog Sarajeva 1992.-1995., predstavnici Grada Sarajeva i Op\u0107ine Centar, zajedno sa na\u0161im u\u010denicima. Istaknuto je kako se mora \u010duvati sje\u0107anje na svu nevinu djecu ubijenu tokom opsade Sarajeva.<\/p>\n<p><img loading=\"lazy\" decoding=\"async\" class=\"alignleft size-full wp-image-3047\" src=\"http:\/\/osmbklj.edu.ba\/wp-content\/uploads\/2018\/04\/godisnjica-u-jukicevoj-ulici.png\" alt=\"GODI\u0160NJICA U JUKI\u0106EVOJ ULICI\" width=\"634\" height=\"424\" \/><\/p>\n","protected":false},"excerpt":{"rendered":"<p>Prisustvovali smo obilje\u017eavanju 25. godi\u0161njice stradanja trojice dje\u010daka u Juki\u0107evoj ulici. Polaganjem cvije\u0107a i odavanjem po\u010dasti obilje\u017eena je ova tu\u017ena godi\u0161njica. Cvije\u0107e su na spomen-obilje\u017eje polo\u017eili \u010dlanovi Udru\u017eenja roditelja ubijene djece opkoljenog Sarajeva 1992.-1995., predstavnici Grada Sarajeva i Op\u0107ine Centar, zajedno sa na\u0161im u\u010denicima. Istaknuto je kako se mora \u010duvati sje\u0107anje na svu nevinu djecu<\/p>\n","protected":false},"author":1,"featured_media":3048,"comment_status":"closed","ping_status":"closed","sticky":false,"template":"","format":"standard","meta":{"footnotes":""},"categories":[21,24],"tags":[33],"class_list":["post-3046","post","type-post","status-publish","format-standard","has-post-thumbnail","hentry","category-desavanja","category-posjete","tag-slider"],"_links":{"self":[{"href":"https:\/\/osmbklj.edu.ba\/index.php?rest_route=\/wp\/v2\/posts\/3046","targetHints":{"allow":["GET"]}}],"collection":[{"href":"https:\/\/osmbklj.edu.ba\/index.php?rest_route=\/wp\/v2\/posts"}],"about":[{"href":"https:\/\/osmbklj.edu.ba\/index.php?rest_route=\/wp\/v2\/types\/post"}],"author":[{"embeddable":true,"href":"https:\/\/osmbklj.edu.ba\/index.php?rest_route=\/wp\/v2\/users\/1"}],"replies":[{"embeddable":true,"href":"https:\/\/osmbklj.edu.ba\/index.php?rest_route=%2Fwp%2Fv2%2Fcomments&post=3046"}],"version-history":[{"count":0,"href":"https:\/\/osmbklj.edu.ba\/index.php?rest_route=\/wp\/v2\/posts\/3046\/revisions"}],"wp:featuredmedia":[{"embeddable":true,"href":"https:\/\/osmbklj.edu.ba\/index.php?rest_route=\/"}],"wp:attachment":[{"href":"https:\/\/osmbklj.edu.ba\/index.php?rest_route=%2Fwp%2Fv2%2Fmedia&parent=3046"}],"wp:term":[{"taxonomy":"category","embeddable":true,"href":"https:\/\/osmbklj.edu.ba\/index.php?rest_route=%2Fwp%2Fv2%2Fcategories&post=3046"},{"taxonomy":"post_tag","embeddable":true,"href":"https:\/\/osmbklj.edu.ba\/index.php?rest_route=%2Fwp%2Fv2%2Ftags&post=3046"}],"curies":[{"name":"wp","href":"https:\/\/api.w.org\/{rel}","templated":true}]}}