{"id":3090,"date":"2018-05-09T17:55:44","date_gmt":"2018-05-09T17:55:44","guid":{"rendered":"http:\/\/osmbklj.edu.ba\/?p=3090"},"modified":"2018-05-09T17:55:44","modified_gmt":"2018-05-09T17:55:44","slug":"9-maj","status":"publish","type":"post","link":"https:\/\/osmbklj.edu.ba\/?p=3090","title":{"rendered":"&#8220;9. MAJ&#8221;"},"content":{"rendered":"<p>Kod Spomen-obilje\u017eja ubijenoj djeci opkoljenog Sarajeva 1992-1995. god., a povodom Dana pobjede nad fa\u0161izmom, danas je odr\u017eana manifestacija pod nazivom &#8220;A bili su samo djeca&#8221;. Na\u0161i u\u010denici su uzeli u\u010de\u0161\u0107e na ovom va\u017enom doga\u0111aju u kalendaru \u0161kolskih de\u0161avanja i bitnih datuma na\u0161eg grada i Op\u0107ine. Rije\u010d je svakako o datumu koji je izuzetno va\u017ean za na\u0161u dr\u017eavu, a obilje\u017eava se i kao Dan Evrope.<\/p>\n<p><img loading=\"lazy\" decoding=\"async\" class=\"alignleft size-full wp-image-3091\" src=\"http:\/\/osmbklj.edu.ba\/wp-content\/uploads\/2018\/05\/9-maj.jpg\" alt=\"&quot;9. MAJ&quot;\" width=\"474\" height=\"360\" \/><\/p>\n<p>Predsjednik Udru\u017eenja roditelja ubijene djece opkoljenog Sarajeva 1992-1995 Fikret Grabovica kazao je da su ve\u0107 dvije decenije pro\u0161le, a bol ne prolazi. Istakao je da postaje i ve\u0107a jer zlo\u010din ubijanja nedu\u017enih i brutalnost na\u010dina na koji je to u\u010dinjeno, bivaju sve o\u010digledniji. Uputio je poziv za mir cijeloj planeti da otvoreno i odlu\u010dno di\u017ee svoj glas protiv fa\u0161izma, rasizma, nacionalizma, terorizma i svakog bezumlja koji ima za cilj da uzme oru\u017eje u ruke.<img loading=\"lazy\" decoding=\"async\" class=\"alignleft size-full wp-image-3092\" src=\"http:\/\/osmbklj.edu.ba\/wp-content\/uploads\/2018\/05\/9-maj-2.jpg\" alt=\"&quot;9. MAJ&quot; 1\" width=\"360\" height=\"640\" \/><\/p>\n<p>Na\u0161a delagacija prije toga prisustvovala je otvaranju obnovljenog trga kod zgrade u kojoj su smje\u0161teni Kanton Sarajevo i Op\u0107ina Centar, a slu\u017ebeni naziv od danas je Trg Prvog korpusa Armije RBiH. Projekt obnove finansirala je Op\u0107ina Centar, a realiziran je u saradnji sa Zavodom za za\u0161titu spomenika Federacije Bosne i Hercegovine. Zamijenjena je kompletna podloga pribli\u017eno 1 000 m\u00b2. Posa\u0111eno novo drve\u0107e i drugo bilje. Pitka voda pu\u0161tena u funkciju. Za poglede prolaznika potpuna idila.<\/p>\n<p>Sanacija Trga Prvog korpusa poslu\u017eit \u0107e budu\u0107im generacijama kao podsjetnik na tekovine antifa\u0161isti\u010dke borbe i pripadnosti porodici europskih zemalja. Odluka o po\u010detku realizacije projekta je donesena na osnovu \u010dinjenice da je posljednja rekonstrukcija parka ura\u0111ena davne 1972. godine i da se nalazio u izuzetno lo\u0161em gra\u0111evinskom stanju. S obzirom na slo\u017eenost projekta sanacija je ra\u0111ena u fazama. Zavr\u0161etkom projekta sanacije i ure\u0111enja Trga Prvog korpusa Armije BiH gra\u0111ani su dobili lijepu pje\u0161a\u010dku zonu s kamenim gazi\u0161tima i fontanama, te ure\u0111enim zelenim povr\u0161inama.<\/p>\n<p><img loading=\"lazy\" decoding=\"async\" class=\"alignleft size-full wp-image-3098\" src=\"http:\/\/osmbklj.edu.ba\/wp-content\/uploads\/2018\/05\/9-maj-6.jpg\" alt=\"&quot;9. MAJ&quot; 5\" width=\"1280\" height=\"720\" \/><\/p>\n<p>&nbsp;<\/p>\n","protected":false},"excerpt":{"rendered":"<p>Kod Spomen-obilje\u017eja ubijenoj djeci opkoljenog Sarajeva 1992-1995. god., a povodom Dana pobjede nad fa\u0161izmom, danas je odr\u017eana manifestacija pod nazivom &#8220;A bili su samo djeca&#8221;. Na\u0161i u\u010denici su uzeli u\u010de\u0161\u0107e na ovom va\u017enom doga\u0111aju u kalendaru \u0161kolskih de\u0161avanja i bitnih datuma na\u0161eg grada i Op\u0107ine. Rije\u010d je svakako o datumu koji je izuzetno va\u017ean za<\/p>\n","protected":false},"author":1,"featured_media":3097,"comment_status":"closed","ping_status":"closed","sticky":false,"template":"","format":"standard","meta":{"footnotes":""},"categories":[21],"tags":[33],"class_list":["post-3090","post","type-post","status-publish","format-standard","has-post-thumbnail","hentry","category-desavanja","tag-slider"],"_links":{"self":[{"href":"https:\/\/osmbklj.edu.ba\/index.php?rest_route=\/wp\/v2\/posts\/3090","targetHints":{"allow":["GET"]}}],"collection":[{"href":"https:\/\/osmbklj.edu.ba\/index.php?rest_route=\/wp\/v2\/posts"}],"about":[{"href":"https:\/\/osmbklj.edu.ba\/index.php?rest_route=\/wp\/v2\/types\/post"}],"author":[{"embeddable":true,"href":"https:\/\/osmbklj.edu.ba\/index.php?rest_route=\/wp\/v2\/users\/1"}],"replies":[{"embeddable":true,"href":"https:\/\/osmbklj.edu.ba\/index.php?rest_route=%2Fwp%2Fv2%2Fcomments&post=3090"}],"version-history":[{"count":0,"href":"https:\/\/osmbklj.edu.ba\/index.php?rest_route=\/wp\/v2\/posts\/3090\/revisions"}],"wp:featuredmedia":[{"embeddable":true,"href":"https:\/\/osmbklj.edu.ba\/index.php?rest_route=\/"}],"wp:attachment":[{"href":"https:\/\/osmbklj.edu.ba\/index.php?rest_route=%2Fwp%2Fv2%2Fmedia&parent=3090"}],"wp:term":[{"taxonomy":"category","embeddable":true,"href":"https:\/\/osmbklj.edu.ba\/index.php?rest_route=%2Fwp%2Fv2%2Fcategories&post=3090"},{"taxonomy":"post_tag","embeddable":true,"href":"https:\/\/osmbklj.edu.ba\/index.php?rest_route=%2Fwp%2Fv2%2Ftags&post=3090"}],"curies":[{"name":"wp","href":"https:\/\/api.w.org\/{rel}","templated":true}]}}