{"id":3107,"date":"2018-05-17T12:56:23","date_gmt":"2018-05-17T12:56:23","guid":{"rendered":"http:\/\/osmbklj.edu.ba\/?p=3107"},"modified":"2018-05-17T12:56:23","modified_gmt":"2018-05-17T12:56:23","slug":"posjetili-smo-vranduk-i-tesanj","status":"publish","type":"post","link":"https:\/\/osmbklj.edu.ba\/?p=3107","title":{"rendered":"POSJETILI SMO VRANDUK I TE\u0160ANJ"},"content":{"rendered":"<p>U nedjelju, 13.5.2018. god. realizovana je posjeta Vranduku i Te\u0161nju. Suorganizatorice posjete Jasmina Kazija i Lejla Ali\u010di\u0107 imale su podr\u0161ku kolegice Marije Miki\u0107. Sekcije &#8220;O\u010duvanja kulturne ba\u0161tine&#8221; i &#8220;Mladi geografi&#8221; jo\u0161 jednom su pogodili termin i lokaciju s potpunim ugo\u0111ajem, prekrasan ambijent s jednakim vremenskim uslovima. Pogledajte na fotografijama kako je to bilo&#8230;<\/p>\n<p><img loading=\"lazy\" decoding=\"async\" class=\"alignleft size-full wp-image-3108\" src=\"http:\/\/osmbklj.edu.ba\/wp-content\/uploads\/2018\/05\/posjetili-smo-vranduk-i-tesanj.jpg\" alt=\"POSJETILI SMO VRANDUK I TE\u0160ANJ\" width=\"1280\" height=\"720\" \/> <img loading=\"lazy\" decoding=\"async\" class=\"alignleft size-full wp-image-3109\" src=\"http:\/\/osmbklj.edu.ba\/wp-content\/uploads\/2018\/05\/posjetili-smo-vranduk-i-tesanj-2.jpg\" alt=\"POSJETILI SMO VRANDUK I TE\u0160ANJ 1\" width=\"1280\" height=\"720\" \/> <img loading=\"lazy\" decoding=\"async\" class=\"alignleft size-full wp-image-3110\" src=\"http:\/\/osmbklj.edu.ba\/wp-content\/uploads\/2018\/05\/posjetili-smo-vranduk-i-tesanj-3.jpg\" alt=\"POSJETILI SMO VRANDUK I TE\u0160ANJ 2\" width=\"1280\" height=\"720\" \/> <img loading=\"lazy\" decoding=\"async\" class=\"alignleft size-full wp-image-3111\" src=\"http:\/\/osmbklj.edu.ba\/wp-content\/uploads\/2018\/05\/posjetili-smo-vranduk-i-tesanj-4.jpg\" alt=\"POSJETILI SMO VRANDUK I TE\u0160ANJ 3\" width=\"1280\" height=\"720\" \/><img loading=\"lazy\" decoding=\"async\" class=\"alignleft wp-image-3113 size-full\" src=\"http:\/\/osmbklj.edu.ba\/wp-content\/uploads\/2018\/05\/posjetili-smo-vranduk-i-tesanj-5.jpg\" alt=\"POSJETILI SMO VRANDUK I TE\u0160ANJ 4\" width=\"450\" height=\"800\" \/><\/p>\n","protected":false},"excerpt":{"rendered":"<p>U nedjelju, 13.5.2018. god. realizovana je posjeta Vranduku i Te\u0161nju. Suorganizatorice posjete Jasmina Kazija i Lejla Ali\u010di\u0107 imale su podr\u0161ku kolegice Marije Miki\u0107. Sekcije &#8220;O\u010duvanja kulturne ba\u0161tine&#8221; i &#8220;Mladi geografi&#8221; jo\u0161 jednom su pogodili termin i lokaciju s potpunim ugo\u0111ajem, prekrasan ambijent s jednakim vremenskim uslovima. Pogledajte na fotografijama kako je to bilo&#8230;<\/p>\n","protected":false},"author":1,"featured_media":3109,"comment_status":"closed","ping_status":"closed","sticky":false,"template":"","format":"standard","meta":{"footnotes":""},"categories":[21,24],"tags":[33],"class_list":["post-3107","post","type-post","status-publish","format-standard","has-post-thumbnail","hentry","category-desavanja","category-posjete","tag-slider"],"_links":{"self":[{"href":"https:\/\/osmbklj.edu.ba\/index.php?rest_route=\/wp\/v2\/posts\/3107","targetHints":{"allow":["GET"]}}],"collection":[{"href":"https:\/\/osmbklj.edu.ba\/index.php?rest_route=\/wp\/v2\/posts"}],"about":[{"href":"https:\/\/osmbklj.edu.ba\/index.php?rest_route=\/wp\/v2\/types\/post"}],"author":[{"embeddable":true,"href":"https:\/\/osmbklj.edu.ba\/index.php?rest_route=\/wp\/v2\/users\/1"}],"replies":[{"embeddable":true,"href":"https:\/\/osmbklj.edu.ba\/index.php?rest_route=%2Fwp%2Fv2%2Fcomments&post=3107"}],"version-history":[{"count":0,"href":"https:\/\/osmbklj.edu.ba\/index.php?rest_route=\/wp\/v2\/posts\/3107\/revisions"}],"wp:featuredmedia":[{"embeddable":true,"href":"https:\/\/osmbklj.edu.ba\/index.php?rest_route=\/"}],"wp:attachment":[{"href":"https:\/\/osmbklj.edu.ba\/index.php?rest_route=%2Fwp%2Fv2%2Fmedia&parent=3107"}],"wp:term":[{"taxonomy":"category","embeddable":true,"href":"https:\/\/osmbklj.edu.ba\/index.php?rest_route=%2Fwp%2Fv2%2Fcategories&post=3107"},{"taxonomy":"post_tag","embeddable":true,"href":"https:\/\/osmbklj.edu.ba\/index.php?rest_route=%2Fwp%2Fv2%2Ftags&post=3107"}],"curies":[{"name":"wp","href":"https:\/\/api.w.org\/{rel}","templated":true}]}}