{"id":3124,"date":"2018-05-23T10:31:01","date_gmt":"2018-05-23T10:31:01","guid":{"rendered":"http:\/\/osmbklj.edu.ba\/?p=3124"},"modified":"2018-05-23T10:31:01","modified_gmt":"2018-05-23T10:31:01","slug":"ekolozi-prezentirali-svoj-rad","status":"publish","type":"post","link":"https:\/\/osmbklj.edu.ba\/?p=3124","title":{"rendered":"EKOLOZI PREZENTIRALI SVOJ RAD"},"content":{"rendered":"<p>Utorak, 22. maja, odr\u017eana je prezentacija rada i realizacije zna\u010dajnih aktivnosti Ekolo\u0161ke sekcije. Voditeljica ove vannastavne aktivnosti Seldina Kova\u010devi\u0107 sa svojim u\u010denicima prezentirala je rad i anga\u017eman svih \u010dlanova u projektu &#8220;Otpad nije sme\u0107e&#8221; \u010dlanovima stru\u010dnog \u017eirija.<\/p>\n<p><img loading=\"lazy\" decoding=\"async\" class=\"alignleft wp-image-3125\" src=\"http:\/\/osmbklj.edu.ba\/wp-content\/uploads\/2018\/05\/ekolozi-prezentirali-svoj-rad.jpg\" alt=\"EKOLOZI PREZENTIRALI SVOJ RAD\" width=\"391\" height=\"220\" \/><img loading=\"lazy\" decoding=\"async\" class=\"alignleft wp-image-3130\" src=\"http:\/\/osmbklj.edu.ba\/wp-content\/uploads\/2018\/05\/ekolozi-prezentirali-svoj-rad-6.jpg\" alt=\"EKOLOZI PREZENTIRALI SVOJ RAD 5\" width=\"391\" height=\"220\" \/><img loading=\"lazy\" decoding=\"async\" class=\"alignleft size-full wp-image-3127\" src=\"http:\/\/osmbklj.edu.ba\/wp-content\/uploads\/2018\/05\/ekolozi-prezentirali-svoj-rad-3.jpg\" alt=\"EKOLOZI PREZENTIRALI SVOJ RAD 2\" width=\"448\" height=\"252\" \/><\/p>\n<p>&nbsp;<\/p>\n<p>&nbsp;<\/p>\n<p>&nbsp;<\/p>\n<p>&nbsp;<\/p>\n<p>&nbsp;<\/p>\n<p>&nbsp;<\/p>\n<p>&nbsp;<\/p>\n<p>&nbsp;<\/p>\n<p>Na\u0161 ekolo\u0161ki kutak posjetili su predstavnici KJKP &#8220;Rad&#8221; u pratnji \u010dlanova \u017eirija i televizijske ekipe koja je sve detaljno zabilje\u017eila. U\u017eivali su u lijepom ambijentu i na trenutke se vratili u djetinjstvo \u0161to \u0107ete vidjeti na prilo\u017eenim fotografijama. Na\u0161a \u0161kola je u\u0161la u u\u017ei izbor za najuspje\u0161nije ekoznalce. U velikoj konkurenciji gdje su u\u010de\u0161\u0107e uzele brojne sli\u010dne sekcije sada je ostalo 5 \u0161kola. Jedni od najmla\u0111ih, a svakako me\u0111u najvrijednijim u\u010denicima su na\u0161i ekolozi.<\/p>\n<p><img loading=\"lazy\" decoding=\"async\" class=\"alignleft size-full wp-image-3126\" src=\"http:\/\/osmbklj.edu.ba\/wp-content\/uploads\/2018\/05\/ekolozi-prezentirali-svoj-rad-2.jpg\" alt=\"EKOLOZI PREZENTIRALI SVOJ RAD 1\" width=\"640\" height=\"360\" \/><\/p>\n<p>&nbsp;<\/p>\n<p>&nbsp;<\/p>\n<p>&nbsp;<\/p>\n<p>&nbsp;<\/p>\n<p>&nbsp;<\/p>\n<p>&nbsp;<\/p>\n<p>&nbsp;<\/p>\n<p>&nbsp;<\/p>\n<p>&nbsp;<\/p>\n<p>&nbsp;<\/p>\n<p>&nbsp;<\/p>\n<p>&nbsp;<\/p>\n<p>Jo\u0161 jednom su nas ovi znalci posjetili na postupak sakupljanja odba\u010denih proizvoda i njihovu preradu pri \u010demu se dobijaju novi proizvodi, a \u0161iroko poznatu kao recikla\u017ea. Na ovaj na\u010din se upotrijebljeni materijal ponovo koristi i time \u0161tede prirodni resursi. Osim toga \u0161titi se okoli\u0161 i smanjuje koli\u010dina otpada na deponijama. Bez sumnje, ove vrijedne ru\u010dice poslale su nam jasnu poruku i zadu\u017eile nas da se na isti na\u010din odnosimo prema otpadu, tj. da se posvetimo njegovom odvojenom prikupljanju.<\/p>\n<p><img loading=\"lazy\" decoding=\"async\" class=\"alignleft size-full wp-image-3128\" src=\"http:\/\/osmbklj.edu.ba\/wp-content\/uploads\/2018\/05\/ekolozi-prezentirali-svoj-rad-4.jpg\" alt=\"EKOLOZI PREZENTIRALI SVOJ RAD 3\" width=\"448\" height=\"252\" \/><\/p>\n<p>Na kraju su svi u\u010denici dobili lijepe poklone. U plavoj vre\u0107ici sa recikla\u017enim znakom svako je na\u0161ao rokovnim napravljen od recikliranog papira. Uz to ima i olovku, malu plavu kutiju u obliku kontejnera za razli\u010ditu namjenu i korisno znanje koje \u0107e primijeniti u svojoj porodici, \u0161koli i naselju.<\/p>\n<p><img loading=\"lazy\" decoding=\"async\" class=\"alignleft size-full wp-image-3132\" src=\"http:\/\/osmbklj.edu.ba\/wp-content\/uploads\/2018\/05\/ekolozi-prezentirali-svoj-rad-8.jpg\" alt=\"EKOLOZI PREZENTIRALI SVOJ RAD 7\" width=\"640\" height=\"360\" \/><\/p>\n","protected":false},"excerpt":{"rendered":"<p>Utorak, 22. maja, odr\u017eana je prezentacija rada i realizacije zna\u010dajnih aktivnosti Ekolo\u0161ke sekcije. Voditeljica ove vannastavne aktivnosti Seldina Kova\u010devi\u0107 sa svojim u\u010denicima prezentirala je rad i anga\u017eman svih \u010dlanova u projektu &#8220;Otpad nije sme\u0107e&#8221; \u010dlanovima stru\u010dnog \u017eirija. &nbsp; &nbsp; &nbsp; &nbsp; &nbsp; &nbsp; &nbsp; &nbsp; Na\u0161 ekolo\u0161ki kutak posjetili su predstavnici KJKP &#8220;Rad&#8221; u pratnji<\/p>\n","protected":false},"author":1,"featured_media":3131,"comment_status":"closed","ping_status":"closed","sticky":false,"template":"","format":"standard","meta":{"footnotes":""},"categories":[21,29],"tags":[33],"class_list":["post-3124","post","type-post","status-publish","format-standard","has-post-thumbnail","hentry","category-desavanja","category-uncategorised","tag-slider"],"_links":{"self":[{"href":"https:\/\/osmbklj.edu.ba\/index.php?rest_route=\/wp\/v2\/posts\/3124","targetHints":{"allow":["GET"]}}],"collection":[{"href":"https:\/\/osmbklj.edu.ba\/index.php?rest_route=\/wp\/v2\/posts"}],"about":[{"href":"https:\/\/osmbklj.edu.ba\/index.php?rest_route=\/wp\/v2\/types\/post"}],"author":[{"embeddable":true,"href":"https:\/\/osmbklj.edu.ba\/index.php?rest_route=\/wp\/v2\/users\/1"}],"replies":[{"embeddable":true,"href":"https:\/\/osmbklj.edu.ba\/index.php?rest_route=%2Fwp%2Fv2%2Fcomments&post=3124"}],"version-history":[{"count":0,"href":"https:\/\/osmbklj.edu.ba\/index.php?rest_route=\/wp\/v2\/posts\/3124\/revisions"}],"wp:featuredmedia":[{"embeddable":true,"href":"https:\/\/osmbklj.edu.ba\/index.php?rest_route=\/"}],"wp:attachment":[{"href":"https:\/\/osmbklj.edu.ba\/index.php?rest_route=%2Fwp%2Fv2%2Fmedia&parent=3124"}],"wp:term":[{"taxonomy":"category","embeddable":true,"href":"https:\/\/osmbklj.edu.ba\/index.php?rest_route=%2Fwp%2Fv2%2Fcategories&post=3124"},{"taxonomy":"post_tag","embeddable":true,"href":"https:\/\/osmbklj.edu.ba\/index.php?rest_route=%2Fwp%2Fv2%2Ftags&post=3124"}],"curies":[{"name":"wp","href":"https:\/\/api.w.org\/{rel}","templated":true}]}}