{"id":3142,"date":"2018-05-25T17:51:57","date_gmt":"2018-05-25T17:51:57","guid":{"rendered":"http:\/\/osmbklj.edu.ba\/?p=3142"},"modified":"2018-05-25T17:51:57","modified_gmt":"2018-05-25T17:51:57","slug":"svecano-obiljezen-dan-skole","status":"publish","type":"post","link":"https:\/\/osmbklj.edu.ba\/?p=3142","title":{"rendered":"SVE\u010cANO OBILJE\u017dEN DAN \u0160KOLE"},"content":{"rendered":"<p>I ove godine cjelodnevnim aktivnostima obilje\u017eili smo Dan \u0161kole. Iako nas je na dnevnom redu \u010dekao jo\u0161 jedan dan interne evaluacije znanja, nije nas smetalo da i to realizujemo i posvetimo se ne\u0161to opu\u0161tenijim de\u0161avanjima.<\/p>\n<p><img loading=\"lazy\" decoding=\"async\" class=\"alignleft size-full wp-image-3143\" src=\"http:\/\/osmbklj.edu.ba\/wp-content\/uploads\/2018\/05\/svecano-obiljezen-dan-skole.jpg\" alt=\"SVE\u010cANO OBILJE\u017dEN DAN \u0160KOLE\" width=\"960\" height=\"540\" \/><\/p>\n<p>Sigurno je da su se kako u\u010desnici ove fudbalske utakmice tako i navija\u010di pripremili na vrijeme. Deveti razredi su imali podr\u0161ku svojim \u0161kolskih prijatelja uz brojnu publiku, a sigurno jo\u0161 zna\u010dajniju u svojim razrednicama, Sabihi i Lejli.<\/p>\n<p><img loading=\"lazy\" decoding=\"async\" class=\"alignleft size-full wp-image-3144\" src=\"http:\/\/osmbklj.edu.ba\/wp-content\/uploads\/2018\/05\/svecano-obiljezen-dan-skole-2.jpg\" alt=\"SVE\u010cANO OBILJE\u017dEN DAN \u0160KOLE 1\" width=\"960\" height=\"720\" \/><\/p>\n<p>Nisu se ni slegli utisci, a ve\u0107 je vrijeme za \u0161kolski bazar. Gosti ve\u0107 rano pristi\u017eu, a na \u0161tandovima u\u017eurbano se zavr\u0161avaju posljednje pripreme. Dje\u010daci i djevoj\u010dice u dru\u0161tvu svojih nastavnika i nastavnica izla\u017eu pripremljene proizvode.<\/p>\n<p><img loading=\"lazy\" decoding=\"async\" class=\"alignleft size-full wp-image-3146\" src=\"http:\/\/osmbklj.edu.ba\/wp-content\/uploads\/2018\/05\/svecano-obiljezen-dan-skole-4.jpg\" alt=\"SVE\u010cANO OBILJE\u017dEN DAN \u0160KOLE 3\" width=\"960\" height=\"720\" \/><\/p>\n<p>U me\u0111uvremenu, sat je ozna\u010dio po\u010detak centralne priredbe&#8230;<\/p>\n<p><img loading=\"lazy\" decoding=\"async\" class=\"alignleft size-full wp-image-3147\" src=\"http:\/\/osmbklj.edu.ba\/wp-content\/uploads\/2018\/05\/svecano-obiljezen-dan-skole-5.jpg\" alt=\"SVE\u010cANO OBILJE\u017dEN DAN \u0160KOLE 4\" width=\"960\" height=\"720\" \/> <img loading=\"lazy\" decoding=\"async\" class=\"alignleft size-full wp-image-3148\" src=\"http:\/\/osmbklj.edu.ba\/wp-content\/uploads\/2018\/05\/svecano-obiljezen-dan-skole-6.jpg\" alt=\"SVE\u010cANO OBILJE\u017dEN DAN \u0160KOLE 5\" width=\"960\" height=\"720\" \/> <img loading=\"lazy\" decoding=\"async\" class=\"alignleft size-full wp-image-3149\" src=\"http:\/\/osmbklj.edu.ba\/wp-content\/uploads\/2018\/05\/svecano-obiljezen-dan-skole-7.jpg\" alt=\"SVE\u010cANO OBILJE\u017dEN DAN \u0160KOLE 6\" width=\"960\" height=\"720\" \/> <img loading=\"lazy\" decoding=\"async\" class=\"alignleft size-full wp-image-3150\" src=\"http:\/\/osmbklj.edu.ba\/wp-content\/uploads\/2018\/05\/svecano-obiljezen-dan-skole-8.jpg\" alt=\"SVE\u010cANO OBILJE\u017dEN DAN \u0160KOLE 7\" width=\"960\" height=\"720\" \/><\/p>\n<p>Prilika je to da se zahvalimo svim saradnicima u pravom smislu ove rije\u010di koji su nas podr\u017eavali tokom cijele \u0161kolske godine pa evo do samog kraja. Istakli smo najuspje\u0161nije u\u010denike u takmi\u010darskoj sezoni na izmaku i pokazali rasko\u0161an talenat na\u0161ih glumaca i glumica, plesnih koreografija i nastupa tokom ove ceremonije. \u017delimo vam puno zdravlja i uspjeha do po\u010detka godi\u0161njih odmora. Kolektiv na\u0161e \u0161kole&#8230;<\/p>\n","protected":false},"excerpt":{"rendered":"<p>I ove godine cjelodnevnim aktivnostima obilje\u017eili smo Dan \u0161kole. Iako nas je na dnevnom redu \u010dekao jo\u0161 jedan dan interne evaluacije znanja, nije nas smetalo da i to realizujemo i posvetimo se ne\u0161to opu\u0161tenijim de\u0161avanjima. Sigurno je da su se kako u\u010desnici ove fudbalske utakmice tako i navija\u010di pripremili na vrijeme. Deveti razredi su imali<\/p>\n","protected":false},"author":1,"featured_media":3152,"comment_status":"closed","ping_status":"closed","sticky":false,"template":"","format":"standard","meta":{"footnotes":""},"categories":[21],"tags":[33],"class_list":["post-3142","post","type-post","status-publish","format-standard","has-post-thumbnail","hentry","category-desavanja","tag-slider"],"_links":{"self":[{"href":"https:\/\/osmbklj.edu.ba\/index.php?rest_route=\/wp\/v2\/posts\/3142","targetHints":{"allow":["GET"]}}],"collection":[{"href":"https:\/\/osmbklj.edu.ba\/index.php?rest_route=\/wp\/v2\/posts"}],"about":[{"href":"https:\/\/osmbklj.edu.ba\/index.php?rest_route=\/wp\/v2\/types\/post"}],"author":[{"embeddable":true,"href":"https:\/\/osmbklj.edu.ba\/index.php?rest_route=\/wp\/v2\/users\/1"}],"replies":[{"embeddable":true,"href":"https:\/\/osmbklj.edu.ba\/index.php?rest_route=%2Fwp%2Fv2%2Fcomments&post=3142"}],"version-history":[{"count":0,"href":"https:\/\/osmbklj.edu.ba\/index.php?rest_route=\/wp\/v2\/posts\/3142\/revisions"}],"wp:featuredmedia":[{"embeddable":true,"href":"https:\/\/osmbklj.edu.ba\/index.php?rest_route=\/"}],"wp:attachment":[{"href":"https:\/\/osmbklj.edu.ba\/index.php?rest_route=%2Fwp%2Fv2%2Fmedia&parent=3142"}],"wp:term":[{"taxonomy":"category","embeddable":true,"href":"https:\/\/osmbklj.edu.ba\/index.php?rest_route=%2Fwp%2Fv2%2Fcategories&post=3142"},{"taxonomy":"post_tag","embeddable":true,"href":"https:\/\/osmbklj.edu.ba\/index.php?rest_route=%2Fwp%2Fv2%2Ftags&post=3142"}],"curies":[{"name":"wp","href":"https:\/\/api.w.org\/{rel}","templated":true}]}}