{"id":3170,"date":"2018-06-01T18:01:12","date_gmt":"2018-06-01T18:01:12","guid":{"rendered":"http:\/\/osmbklj.edu.ba\/?p=3170"},"modified":"2018-06-01T18:01:12","modified_gmt":"2018-06-01T18:01:12","slug":"godisnjica-stradanja-u-jukicevoj-ulici","status":"publish","type":"post","link":"https:\/\/osmbklj.edu.ba\/?p=3170","title":{"rendered":"GODI\u0160NJICA STRADANJA U JUKI\u0106EVOJ ULICI"},"content":{"rendered":"<p>Obilje\u017eavanje godi\u0161njice pogibije \u010dlanova porodice Fo\u010do, prisustvovali u\u010denici IV-1 i u\u010diteljica Emina Zekovi\u0107, te u\u010denici VIII-1 I IX-1 sa razrednicima Zekovi\u0107 Mirzom i Ali\u010di\u0107 Lejlom.<br \/>\n\u010clanovi Udru\u017eenja roditelja ubijene djece opkoljenog Sarajeva 1992-1995 i \u010dlanovi porodice prisustvovali su obilje\u017eavanju godi\u0161njice stradanja dviju djevoj\u010dica u ulici Juki\u0107eva u op\u0107ini Centar Sarajevo, jedanaestogodi\u0161nje Amele Fo\u010do i dvogodi\u0161nje Zlate Kurtovi\u0107.<\/p>\n<p>&nbsp;<\/p>\n","protected":false},"excerpt":{"rendered":"<p>Obilje\u017eavanje godi\u0161njice pogibije \u010dlanova porodice Fo\u010do, prisustvovali u\u010denici IV-1 i u\u010diteljica Emina Zekovi\u0107, te u\u010denici VIII-1 I IX-1 sa razrednicima Zekovi\u0107 Mirzom i Ali\u010di\u0107 Lejlom. \u010clanovi Udru\u017eenja roditelja ubijene djece opkoljenog Sarajeva 1992-1995 i \u010dlanovi porodice prisustvovali su obilje\u017eavanju godi\u0161njice stradanja dviju djevoj\u010dica u ulici Juki\u0107eva u op\u0107ini Centar Sarajevo, jedanaestogodi\u0161nje Amele Fo\u010do i dvogodi\u0161nje<\/p>\n","protected":false},"author":1,"featured_media":3171,"comment_status":"closed","ping_status":"closed","sticky":false,"template":"","format":"standard","meta":{"footnotes":""},"categories":[21],"tags":[33],"class_list":["post-3170","post","type-post","status-publish","format-standard","has-post-thumbnail","hentry","category-desavanja","tag-slider"],"_links":{"self":[{"href":"https:\/\/osmbklj.edu.ba\/index.php?rest_route=\/wp\/v2\/posts\/3170","targetHints":{"allow":["GET"]}}],"collection":[{"href":"https:\/\/osmbklj.edu.ba\/index.php?rest_route=\/wp\/v2\/posts"}],"about":[{"href":"https:\/\/osmbklj.edu.ba\/index.php?rest_route=\/wp\/v2\/types\/post"}],"author":[{"embeddable":true,"href":"https:\/\/osmbklj.edu.ba\/index.php?rest_route=\/wp\/v2\/users\/1"}],"replies":[{"embeddable":true,"href":"https:\/\/osmbklj.edu.ba\/index.php?rest_route=%2Fwp%2Fv2%2Fcomments&post=3170"}],"version-history":[{"count":0,"href":"https:\/\/osmbklj.edu.ba\/index.php?rest_route=\/wp\/v2\/posts\/3170\/revisions"}],"wp:featuredmedia":[{"embeddable":true,"href":"https:\/\/osmbklj.edu.ba\/index.php?rest_route=\/"}],"wp:attachment":[{"href":"https:\/\/osmbklj.edu.ba\/index.php?rest_route=%2Fwp%2Fv2%2Fmedia&parent=3170"}],"wp:term":[{"taxonomy":"category","embeddable":true,"href":"https:\/\/osmbklj.edu.ba\/index.php?rest_route=%2Fwp%2Fv2%2Fcategories&post=3170"},{"taxonomy":"post_tag","embeddable":true,"href":"https:\/\/osmbklj.edu.ba\/index.php?rest_route=%2Fwp%2Fv2%2Ftags&post=3170"}],"curies":[{"name":"wp","href":"https:\/\/api.w.org\/{rel}","templated":true}]}}