{"id":3174,"date":"2018-06-06T17:58:16","date_gmt":"2018-06-06T17:58:16","guid":{"rendered":"http:\/\/osmbklj.edu.ba\/?p=3174"},"modified":"2018-06-06T17:58:16","modified_gmt":"2018-06-06T17:58:16","slug":"priznanje-za-nase-ekologe","status":"publish","type":"post","link":"https:\/\/osmbklj.edu.ba\/?p=3174","title":{"rendered":"PRIZNANJE ZA NA\u0160E EKOLOGE"},"content":{"rendered":"<p>Povodom 5. juna, Svjetskog dana za\u0161tite okoli\u0161a, u Me\u0111unarodnom centru za djecu i omladinu na Grbavici odr\u017eana je zavr\u0161na manifestacija projekta \u201cJa\u010danje javne svijesti o za\u0161titi okoli\u0161a \u2013 Otpad nije sme\u0107e\u201d. Projekat je realiziralo KJKP \u201eRAD\u201c uz sufinansiranje Fonda za za\u0161titu okoli\u0161a FBiH, a u projektu je u\u010destvovalo \u0161est osnovnih \u0161kola sa podru\u010dja Kantona Sarajevo. Prisutne su pozdravili i li\u010dnom im \u010destitali, direktor pomenutog preduze\u0107a Selim Babi\u0107 i na\u010delnik Op\u0107ine Ned\u017ead Kold\u017eo.<\/p>\n<p><img loading=\"lazy\" decoding=\"async\" class=\"alignleft wp-image-3177 size-medium\" src=\"http:\/\/osmbklj.edu.ba\/wp-content\/uploads\/2018\/06\/priznanje-za-nase-ekologe-3-300x169.jpg\" alt=\"PRIZNANJE ZA NA\u0160E EKOLOGE 2\" width=\"300\" height=\"169\" \/> <img loading=\"lazy\" decoding=\"async\" class=\"alignleft wp-image-3178 size-medium\" src=\"http:\/\/osmbklj.edu.ba\/wp-content\/uploads\/2018\/06\/priznanje-za-nase-ekologe-4-300x169.jpg\" alt=\"PRIZNANJE ZA NA\u0160E EKOLOGE 3\" width=\"300\" height=\"169\" \/><\/p>\n<p>&nbsp;<\/p>\n<p>&nbsp;<\/p>\n<p>&nbsp;<\/p>\n<p>&nbsp;<\/p>\n<p>&nbsp;<\/p>\n<p>&nbsp;<\/p>\n<p>U okviru pomenutog projekta realizirani su edukativni \u010dasovi u \u0161kolama, odr\u017eana me\u0111u\u0161kolska takmi\u010denja u prikupljanju papira, kartona i PET ambala\u017ee, te izradi najboljeg EKO-dvori\u0161ta, a ovom prilikom prikazan je kratki film o projektnim aktivnostima. U projektu su u\u010destvovali u\u010denici na\u0161e \u0161kole, a nosioci aktivnosti su bili u\u010denici III-1 s u\u010diteljicom Seldinom Kova\u010devi\u0107.<\/p>\n<p><img loading=\"lazy\" decoding=\"async\" class=\"alignleft wp-image-3175 size-medium\" src=\"http:\/\/osmbklj.edu.ba\/wp-content\/uploads\/2018\/06\/priznanje-za-nase-ekologe-300x150.jpg\" alt=\"PRIZNANJE ZA NA\u0160E EKOLOGE\" width=\"300\" height=\"150\" \/> <img loading=\"lazy\" decoding=\"async\" class=\"alignleft wp-image-3176 size-medium\" src=\"http:\/\/osmbklj.edu.ba\/wp-content\/uploads\/2018\/06\/priznanje-za-nase-ekologe-2-300x169.jpg\" alt=\"PRIZNANJE ZA NA\u0160E EKOLOGE 1\" width=\"300\" height=\"169\" \/><\/p>\n<p>&nbsp;<\/p>\n<p>&nbsp;<\/p>\n<p>&nbsp;<\/p>\n<p>&nbsp;<\/p>\n<p>&nbsp;<\/p>\n<p>&nbsp;<\/p>\n<p>Sve \u010destitke ovom timu na izuzetnom zalaganju i trudu u proteklom periodu.<\/p>\n","protected":false},"excerpt":{"rendered":"<p>Povodom 5. juna, Svjetskog dana za\u0161tite okoli\u0161a, u Me\u0111unarodnom centru za djecu i omladinu na Grbavici odr\u017eana je zavr\u0161na manifestacija projekta \u201cJa\u010danje javne svijesti o za\u0161titi okoli\u0161a \u2013 Otpad nije sme\u0107e\u201d. Projekat je realiziralo KJKP \u201eRAD\u201c uz sufinansiranje Fonda za za\u0161titu okoli\u0161a FBiH, a u projektu je u\u010destvovalo \u0161est osnovnih \u0161kola sa podru\u010dja Kantona Sarajevo.<\/p>\n","protected":false},"author":1,"featured_media":3179,"comment_status":"closed","ping_status":"closed","sticky":false,"template":"","format":"standard","meta":{"footnotes":""},"categories":[21,26],"tags":[33],"class_list":["post-3174","post","type-post","status-publish","format-standard","has-post-thumbnail","hentry","category-desavanja","category-projekti","tag-slider"],"_links":{"self":[{"href":"https:\/\/osmbklj.edu.ba\/index.php?rest_route=\/wp\/v2\/posts\/3174","targetHints":{"allow":["GET"]}}],"collection":[{"href":"https:\/\/osmbklj.edu.ba\/index.php?rest_route=\/wp\/v2\/posts"}],"about":[{"href":"https:\/\/osmbklj.edu.ba\/index.php?rest_route=\/wp\/v2\/types\/post"}],"author":[{"embeddable":true,"href":"https:\/\/osmbklj.edu.ba\/index.php?rest_route=\/wp\/v2\/users\/1"}],"replies":[{"embeddable":true,"href":"https:\/\/osmbklj.edu.ba\/index.php?rest_route=%2Fwp%2Fv2%2Fcomments&post=3174"}],"version-history":[{"count":0,"href":"https:\/\/osmbklj.edu.ba\/index.php?rest_route=\/wp\/v2\/posts\/3174\/revisions"}],"wp:featuredmedia":[{"embeddable":true,"href":"https:\/\/osmbklj.edu.ba\/index.php?rest_route=\/"}],"wp:attachment":[{"href":"https:\/\/osmbklj.edu.ba\/index.php?rest_route=%2Fwp%2Fv2%2Fmedia&parent=3174"}],"wp:term":[{"taxonomy":"category","embeddable":true,"href":"https:\/\/osmbklj.edu.ba\/index.php?rest_route=%2Fwp%2Fv2%2Fcategories&post=3174"},{"taxonomy":"post_tag","embeddable":true,"href":"https:\/\/osmbklj.edu.ba\/index.php?rest_route=%2Fwp%2Fv2%2Ftags&post=3174"}],"curies":[{"name":"wp","href":"https:\/\/api.w.org\/{rel}","templated":true}]}}