{"id":3243,"date":"2018-09-04T09:00:07","date_gmt":"2018-09-04T09:00:07","guid":{"rendered":"http:\/\/osmbklj.edu.ba\/?p=3243"},"modified":"2018-09-04T09:00:07","modified_gmt":"2018-09-04T09:00:07","slug":"svecani-prijem-prvacica-2","status":"publish","type":"post","link":"https:\/\/osmbklj.edu.ba\/?p=3243","title":{"rendered":"SVE\u010cANI PRIJEM PRVA\u010cI\u0106A"},"content":{"rendered":"<p>U ponedjeljak, 03.09.2018. godine u na\u0161oj \u0161koli organizovan je sve\u010dani prijem prva\u010di\u0107a. Priredba je po\u010dela u 15.30 sati intoniranjem dr\u017eavne himne. Tim povodom u\u010denici starijih razreda, a prvenstveno pro\u0161logodi\u0161nji prva\u010di\u0107i su pripremili sve\u010danu priredbu kojom su iskazali svoju radost na\u0161im najmla\u0111im u\u010denicima. U svom obra\u0107anju direktor \u0161kole, a potom i na\u010delnik Op\u0107ine kao i predsjedavaju\u0107a op\u0107inskog vije\u0107a pozdravili su prisutne, po\u017eeljeli im dobrodo\u0161licu, zdravlje i puno uspjeha u u\u010denju i radu. Najavili su i novosti koje o\u010dekuju novu generaciju prva\u010di\u0107a a sve u cilju podizanja kvalitete nastavnog procesa i kvalitetne pripreme na\u0161ih u\u010denika za \u017eivot u budu\u0107nosti koja \u0107e biti jako zahtjevna<\/p>\n<p><img loading=\"lazy\" decoding=\"async\" class=\"alignleft size-full wp-image-3244\" src=\"http:\/\/osmbklj.edu.ba\/wp-content\/uploads\/2018\/09\/svecani-prijem-prvacica-8.jpg\" alt=\"SVE\u010cANI PRIJEM PRVA\u010cI\u0106A 7\" width=\"640\" height=\"360\" \/><\/p>\n<p>Tokom same ceremonije, svi prva\u010di\u0107i su dobili \u0161kolske ruksake s priborom. Tako\u0111er su obezbije\u0111eni besplatni ud\u017ebenici za sve prva\u010di\u0107e na podru\u010dju na\u0161e Op\u0107ine. Tu nije kraj iznena\u0111enjima jer \u0107e svi \u0111aci prvaci dobiti iPad pod uslovom da on slu\u017ei u edukativne svrhe.<\/p>\n","protected":false},"excerpt":{"rendered":"<p>U ponedjeljak, 03.09.2018. godine u na\u0161oj \u0161koli organizovan je sve\u010dani prijem prva\u010di\u0107a. Priredba je po\u010dela u 15.30 sati intoniranjem dr\u017eavne himne. Tim povodom u\u010denici starijih razreda, a prvenstveno pro\u0161logodi\u0161nji prva\u010di\u0107i su pripremili sve\u010danu priredbu kojom su iskazali svoju radost na\u0161im najmla\u0111im u\u010denicima. U svom obra\u0107anju direktor \u0161kole, a potom i na\u010delnik Op\u0107ine kao i predsjedavaju\u0107a<\/p>\n","protected":false},"author":1,"featured_media":3245,"comment_status":"closed","ping_status":"closed","sticky":false,"template":"","format":"standard","meta":{"footnotes":""},"categories":[21],"tags":[33],"class_list":["post-3243","post","type-post","status-publish","format-standard","has-post-thumbnail","hentry","category-desavanja","tag-slider"],"_links":{"self":[{"href":"https:\/\/osmbklj.edu.ba\/index.php?rest_route=\/wp\/v2\/posts\/3243","targetHints":{"allow":["GET"]}}],"collection":[{"href":"https:\/\/osmbklj.edu.ba\/index.php?rest_route=\/wp\/v2\/posts"}],"about":[{"href":"https:\/\/osmbklj.edu.ba\/index.php?rest_route=\/wp\/v2\/types\/post"}],"author":[{"embeddable":true,"href":"https:\/\/osmbklj.edu.ba\/index.php?rest_route=\/wp\/v2\/users\/1"}],"replies":[{"embeddable":true,"href":"https:\/\/osmbklj.edu.ba\/index.php?rest_route=%2Fwp%2Fv2%2Fcomments&post=3243"}],"version-history":[{"count":0,"href":"https:\/\/osmbklj.edu.ba\/index.php?rest_route=\/wp\/v2\/posts\/3243\/revisions"}],"wp:featuredmedia":[{"embeddable":true,"href":"https:\/\/osmbklj.edu.ba\/index.php?rest_route=\/"}],"wp:attachment":[{"href":"https:\/\/osmbklj.edu.ba\/index.php?rest_route=%2Fwp%2Fv2%2Fmedia&parent=3243"}],"wp:term":[{"taxonomy":"category","embeddable":true,"href":"https:\/\/osmbklj.edu.ba\/index.php?rest_route=%2Fwp%2Fv2%2Fcategories&post=3243"},{"taxonomy":"post_tag","embeddable":true,"href":"https:\/\/osmbklj.edu.ba\/index.php?rest_route=%2Fwp%2Fv2%2Ftags&post=3243"}],"curies":[{"name":"wp","href":"https:\/\/api.w.org\/{rel}","templated":true}]}}