{"id":3604,"date":"2019-03-27T19:43:51","date_gmt":"2019-03-27T19:43:51","guid":{"rendered":"http:\/\/osmbklj.edu.ba\/?p=3604"},"modified":"2019-03-27T19:43:51","modified_gmt":"2019-03-27T19:43:51","slug":"nase-prvakinje","status":"publish","type":"post","link":"https:\/\/osmbklj.edu.ba\/?p=3604","title":{"rendered":"NA\u0160E PRVAKINJE"},"content":{"rendered":"\n<blockquote class=\"wp-block-quote is-layout-flow wp-block-quote-is-layout-flow\"><p>NA\u0160E SU I DALJE NAJBOLJE<\/p><\/blockquote>\n\n\n\n<p>U organizaciji Crvenog kri\u017ea op\u0107ine Centar Sarajevo 23. marta 2019.g.  odr\u017eano je 24. op\u0107insko takmi\u010denje iz pru\u017eanja prve pomo\u0107i ekipa  osnovnih i srednjih \u0161kola sa podru\u010dja op\u0107ine Centar. Takmi\u010denje je  odr\u017eano u prostorijama Srednje poslovno-komercijalne i trgova\u010dke \u0161kole Sarajevo.<\/p>\n\n\n\n<figure class=\"wp-block-image\"><img decoding=\"async\" src=\"http:\/\/osmbklj.edu.ba\/wp-content\/uploads\/2019\/03\/55914244_2218425568194025_6819630006952525824_o-1024x700.jpg\" alt=\"\" class=\"wp-image-3607\"\/><\/figure>\n\n\n\n<p><strong>1. mjesto su zauzele na\u0161e viceprvakinje<\/strong> u sastavu: Kara\u010di\u0107 Amra, Bibi\u0107 Elma, Kasapovi\u0107 Nejla, \u0160e\u010di\u0107 Selma, Hasanovi\u0107 Hatid\u017ea i Halilovi\u0107 Ajla<\/p>\n\n\n\n<figure class=\"wp-block-image\"><img decoding=\"async\" src=\"http:\/\/osmbklj.edu.ba\/wp-content\/uploads\/2019\/03\/55465069_2218425104860738_20504899720577024_o-1024x683.jpg\" alt=\"\" class=\"wp-image-3606\"\/><\/figure>\n","protected":false},"excerpt":{"rendered":"<p>NA\u0160E SU I DALJE NAJBOLJE U organizaciji Crvenog kri\u017ea op\u0107ine Centar Sarajevo 23. marta 2019.g. odr\u017eano je 24. op\u0107insko takmi\u010denje iz pru\u017eanja prve pomo\u0107i ekipa osnovnih i srednjih \u0161kola sa podru\u010dja op\u0107ine Centar. Takmi\u010denje je odr\u017eano u prostorijama Srednje poslovno-komercijalne i trgova\u010dke \u0161kole Sarajevo. 1. mjesto su zauzele na\u0161e viceprvakinje u sastavu: Kara\u010di\u0107 Amra, Bibi\u0107<\/p>\n","protected":false},"author":1,"featured_media":3605,"comment_status":"closed","ping_status":"closed","sticky":false,"template":"","format":"standard","meta":{"footnotes":""},"categories":[28,30],"tags":[],"class_list":["post-3604","post","type-post","status-publish","format-standard","has-post-thumbnail","hentry","category-takmicenja","category-vijesti"],"_links":{"self":[{"href":"https:\/\/osmbklj.edu.ba\/index.php?rest_route=\/wp\/v2\/posts\/3604","targetHints":{"allow":["GET"]}}],"collection":[{"href":"https:\/\/osmbklj.edu.ba\/index.php?rest_route=\/wp\/v2\/posts"}],"about":[{"href":"https:\/\/osmbklj.edu.ba\/index.php?rest_route=\/wp\/v2\/types\/post"}],"author":[{"embeddable":true,"href":"https:\/\/osmbklj.edu.ba\/index.php?rest_route=\/wp\/v2\/users\/1"}],"replies":[{"embeddable":true,"href":"https:\/\/osmbklj.edu.ba\/index.php?rest_route=%2Fwp%2Fv2%2Fcomments&post=3604"}],"version-history":[{"count":0,"href":"https:\/\/osmbklj.edu.ba\/index.php?rest_route=\/wp\/v2\/posts\/3604\/revisions"}],"wp:featuredmedia":[{"embeddable":true,"href":"https:\/\/osmbklj.edu.ba\/index.php?rest_route=\/"}],"wp:attachment":[{"href":"https:\/\/osmbklj.edu.ba\/index.php?rest_route=%2Fwp%2Fv2%2Fmedia&parent=3604"}],"wp:term":[{"taxonomy":"category","embeddable":true,"href":"https:\/\/osmbklj.edu.ba\/index.php?rest_route=%2Fwp%2Fv2%2Fcategories&post=3604"},{"taxonomy":"post_tag","embeddable":true,"href":"https:\/\/osmbklj.edu.ba\/index.php?rest_route=%2Fwp%2Fv2%2Ftags&post=3604"}],"curies":[{"name":"wp","href":"https:\/\/api.w.org\/{rel}","templated":true}]}}