{"id":3664,"date":"2019-04-14T13:32:26","date_gmt":"2019-04-14T13:32:26","guid":{"rendered":"http:\/\/osmbklj.edu.ba\/?p=3664"},"modified":"2019-04-14T13:32:26","modified_gmt":"2019-04-14T13:32:26","slug":"upis-u-1-razred","status":"publish","type":"post","link":"https:\/\/osmbklj.edu.ba\/?p=3664","title":{"rendered":"UPIS U 1. RAZRED"},"content":{"rendered":"<p><br \/><br \/><!--StartFragment--><\/p>\n\n\n<p>U skladu sa \u010dlanom 16. Okvirnog Zakona o osnovnom i srednjem obrazovanju u BiH (Sl.glasnik BiH br.18\/03.), \u010dlana 54. 55. i 57., Zakona o osnovnom odgoju i obrazovanju (\u201eSlu\u017ebene novine Kantona Sarajevo\u201c  broj 23\/17 i 33\/17),  Pravila JU O\u0160 \u201eMehmed-beg Kapetanovi\u0107 Ljubu\u0161ak\u201cu Sarajevu, \u0161kola objavljuje <br>\nO  G  L  A  S<br>\n        ZA UPIS DJECE, \u0160KOLSKIH OBVEZNIKA U I RAZRED OSNOVNE \u0160KOLE ZA \u0160KOLSKU 2019\/2020 GODINE<br>\n-aprilski redovni upisni rok &#8211; 01.04.2019. \u2013 30.04.2019.g.<br>\nOsim aprilskog upisnog roka za upis u\u010denika u prvi razred, upis se mo\u017ee vr\u0161iti u izuzetnim opravdanim slu\u010dajevima i u augustu, ali se pozivaju roditelji da izvr\u0161e prijavu djece za upis u aprilskom upisnom roku, a samo  izuzetno  uz opravdane razloge se mogu prijaviti u augustu.<br>\nUSLOVI UPISA: <\/p>\n\n\n\n<ol class=\"wp-block-list\"><li>U \u0161kolsku 2019\/2020. godinu upisat \u0107e se djeca koja  do 01.03.2019. godine navr\u0161e 5,5 godina \u017eivota. U \u0161kolu se mogu upisati i djeca mla\u0111a od 5,5 godina \u017eivota , uz pismeni zahtjev roditelja ili staratelja i ako \u0160kola, nakon \u0161to razmotri preporuku Komisije za upis u\u010denika u prvi razred, bude sigurna  da je to u najboljem interesu djeteta. U tom slu\u010daju upis djeteta se mo\u017ee izvr\u0161iti samo ako dijete do kraja kalendarske godine puni 6 godina \u017eivota.<\/li><li>Upis se vr\u0161i na osnovu: <br> &#8211;    Izvoda iz mati\u010dne knjige ro\u0111enih(original ili ovjerena kopija)<br> &#8211;    Ljekarkog uvjerenja o psihofizi\u010dkoj sposobnosti  djeteta za upis u \u0161kolu i zdravstvenom statusu s opisom pote\u0161ko\u0107a (izdato od nadle\u017ene zdravstvene ustanove; original ili ovjerena kopija)<br> &#8211;    Uvjerenja\/certifikata o poha\u0111anju Obaveznog pred\u0161kolskog programa u godini  pred polazak u \u0161kolu nadle\u017ene ustanove JU &#8221;Djeca Sarajeva&#8221; ili privatne pred\u0161kolske ustanove koja je upisana u Registar pred\u0161kolskih ustanova koji vodi Ministarstvo za obrazovanje, nauku i mlade Kantona Sarajevo. (Roditelji\/staratelji u\u010denika koja nisu poha\u0111ali Obvezni pred\u0161kolski program du\u017eni su dostaviti pismeno obrazlo\u017eenje, koje se odnosi na razlog nepoha\u0111anja navedenog programa) <br> &#8211;    CIPS-ova prijava (na osnovu \u010dlana 54. stav 1. Zakona o osnovnom odgoju i obrazovanju Kantona Sarajevo u\u010denici se upisuju u \u0161kolu na osnovu prebivali\u0161ta)<br> Napomena: U\u010denik koji ima prebivali\u0161te na podru\u010dju druge Op\u0107ine na Kantonu Sarajevo mo\u017ee se upisati u \u0161kolu uz odobrenje Ministrice po podnijetom zahtjevu roditelja\/staratelja Ministrici, u skladu sa \u010dlanom 54. stav 6. Zakona o osnovnom odgoju i obrazovanju Kantona Sarajevo.<\/li><li>\u0160kolsko podru\u010dje JU O\u0160 \u201eMehmed-beg Kapetanovi\u0107 Ljubu\u0161ak\u201c Sarajevo obuhvata slijede\u0107e ulice: Bra\u0107e Begi\u0107, Ko\u0161evsko Brdo, Marija Mikuli\u0107a, Juki\u0107eva, Nusreta \u0160i\u0161i\u0107a Dede, Muhameda Had\u017eijahi\u0107a, Zuke D\u017eumhura, Abdurahmana Muharemije, Dejzina Biki\u0107a, Zije Dizdarevi\u0107a, Jabuka, Sulejmana Omerovi\u0107a Cara, Antuna Hangija, Alipa\u0161ina od br. 57 do broja 307 i od broja 24 do broja 148.<br> Napomena: U na\u0161oj \u0161koli je organizovan i produ\u017eeni boravak u koji se mogu uklju\u010diti i u\u010denici prvog razreda u savremenim uslovima rada uz stru\u010dnu pomo\u0107 i nadzor pri izradi doma\u0107ih zadataka, te drugih raznih aktivnosti. Radno vrijeme u produ\u017eenom boravku je od 7:00 do 17:00 sati.<br>                                           Direktor \u0161kole<br>                                                                                                                                                            Edin Smaji\u0107<\/li><\/ol>\n\n\n<p><!--EndFragment--><br>\n<br>\n<\/p>","protected":false},"excerpt":{"rendered":"<p>U skladu sa \u010dlanom 16. Okvirnog Zakona o osnovnom i srednjem obrazovanju u BiH (Sl.glasnik BiH br.18\/03.), \u010dlana 54. 55. i 57., Zakona o osnovnom odgoju i obrazovanju (\u201eSlu\u017ebene novine Kantona Sarajevo\u201c broj 23\/17 i 33\/17), Pravila JU O\u0160 \u201eMehmed-beg Kapetanovi\u0107 Ljubu\u0161ak\u201cu Sarajevu, \u0161kola objavljuje O G L A S ZA UPIS DJECE, \u0160KOLSKIH OBVEZNIKA<\/p>\n","protected":false},"author":1,"featured_media":1647,"comment_status":"closed","ping_status":"closed","sticky":false,"template":"","format":"standard","meta":{"footnotes":""},"categories":[30],"tags":[],"class_list":["post-3664","post","type-post","status-publish","format-standard","has-post-thumbnail","hentry","category-vijesti"],"_links":{"self":[{"href":"https:\/\/osmbklj.edu.ba\/index.php?rest_route=\/wp\/v2\/posts\/3664","targetHints":{"allow":["GET"]}}],"collection":[{"href":"https:\/\/osmbklj.edu.ba\/index.php?rest_route=\/wp\/v2\/posts"}],"about":[{"href":"https:\/\/osmbklj.edu.ba\/index.php?rest_route=\/wp\/v2\/types\/post"}],"author":[{"embeddable":true,"href":"https:\/\/osmbklj.edu.ba\/index.php?rest_route=\/wp\/v2\/users\/1"}],"replies":[{"embeddable":true,"href":"https:\/\/osmbklj.edu.ba\/index.php?rest_route=%2Fwp%2Fv2%2Fcomments&post=3664"}],"version-history":[{"count":0,"href":"https:\/\/osmbklj.edu.ba\/index.php?rest_route=\/wp\/v2\/posts\/3664\/revisions"}],"wp:featuredmedia":[{"embeddable":true,"href":"https:\/\/osmbklj.edu.ba\/index.php?rest_route=\/"}],"wp:attachment":[{"href":"https:\/\/osmbklj.edu.ba\/index.php?rest_route=%2Fwp%2Fv2%2Fmedia&parent=3664"}],"wp:term":[{"taxonomy":"category","embeddable":true,"href":"https:\/\/osmbklj.edu.ba\/index.php?rest_route=%2Fwp%2Fv2%2Fcategories&post=3664"},{"taxonomy":"post_tag","embeddable":true,"href":"https:\/\/osmbklj.edu.ba\/index.php?rest_route=%2Fwp%2Fv2%2Ftags&post=3664"}],"curies":[{"name":"wp","href":"https:\/\/api.w.org\/{rel}","templated":true}]}}