{"id":3668,"date":"2019-04-22T15:07:22","date_gmt":"2019-04-22T15:07:22","guid":{"rendered":"http:\/\/osmbklj.edu.ba\/?p=3668"},"modified":"2019-04-22T15:07:22","modified_gmt":"2019-04-22T15:07:22","slug":"izlet-u-travnik","status":"publish","type":"post","link":"https:\/\/osmbklj.edu.ba\/?p=3668","title":{"rendered":"IZLET U TRAVNIK"},"content":{"rendered":"\n<p>Na\u0161i maturanti iskoristili su lijepo vrijeme i proteklog vikenda posjetili Travnik zajedno s nastavnicama Kazija Jasminom, Ali\u010di\u0107 Lejlom, Miki\u0107 Marom i Bibi\u0107 Berkom. <\/p>\n\n\n\n<figure class=\"wp-block-image\"><img decoding=\"async\" src=\"http:\/\/osmbklj.edu.ba\/wp-content\/uploads\/2019\/04\/IMG-89521af718f012875d16f69436937aa1-V.jpg\" alt=\"\" class=\"wp-image-3669\"\/><\/figure>\n\n\n\n<p>U nedjelju, 21.4.2019.godine, u\u010denici i \u010dlanovi sekcija O\u010duvanje  kulturne ba\u0161tine i Mladi geografi , sa nastavnicama Lejlom Ali\u010di\u0107 i  Jasminom Kazija, su posjetili etno selo &#8220;\u010cardaci&#8221; u Vitezu i grad  Travnik. U\u010denici su u\u017eivali u ljepotama ova dva mjesta. U Travniku su  posjetili travni\u010dku tvr\u0111avu, rodnu ku\u0107u nobelovca Ive Andri\u0107a, vozili se  vozi\u0107em &#8220;\u0106iro&#8221; krou jezgro Travnika i naravno svratili na travni\u010dke \u0107evape.<\/p>\n\n\n\n<ul class=\"wp-block-gallery columns-3 is-cropped wp-block-gallery-1 is-layout-flex wp-block-gallery-is-layout-flex\"><li class=\"blocks-gallery-item\"><figure><img decoding=\"async\" src=\"http:\/\/osmbklj.edu.ba\/wp-content\/uploads\/2019\/04\/WP_20190421_13_59_21_Pro.jpg\" alt=\"\" data-id=\"3675\" data-link=\"http:\/\/osmbklj.edu.ba\/izlet-u-travnik\/wp_20190421_13_59_21_pro\/\" class=\"wp-image-3675\"\/><\/figure><\/li><li class=\"blocks-gallery-item\"><figure><img decoding=\"async\" src=\"http:\/\/osmbklj.edu.ba\/wp-content\/uploads\/2019\/04\/WP_20190421_12_18_16_Pro.jpg\" alt=\"\" data-id=\"3676\" data-link=\"http:\/\/osmbklj.edu.ba\/izlet-u-travnik\/wp_20190421_12_18_16_pro\/\" class=\"wp-image-3676\"\/><\/figure><\/li><li class=\"blocks-gallery-item\"><figure><img decoding=\"async\" src=\"http:\/\/osmbklj.edu.ba\/wp-content\/uploads\/2019\/04\/WP_20190421_10_36_37_Pro.jpg\" alt=\"\" data-id=\"3677\" data-link=\"http:\/\/osmbklj.edu.ba\/izlet-u-travnik\/wp_20190421_10_36_37_pro\/\" class=\"wp-image-3677\"\/><\/figure><\/li><\/ul>\n\n\n\n<p><br><\/p>\n","protected":false},"excerpt":{"rendered":"<p>Na\u0161i maturanti iskoristili su lijepo vrijeme i proteklog vikenda posjetili Travnik zajedno s nastavnicama Kazija Jasminom, Ali\u010di\u0107 Lejlom, Miki\u0107 Marom i Bibi\u0107 Berkom. U nedjelju, 21.4.2019.godine, u\u010denici i \u010dlanovi sekcija O\u010duvanje kulturne ba\u0161tine i Mladi geografi , sa nastavnicama Lejlom Ali\u010di\u0107 i Jasminom Kazija, su posjetili etno selo &#8220;\u010cardaci&#8221; u Vitezu i grad Travnik. U\u010denici<\/p>\n","protected":false},"author":1,"featured_media":3670,"comment_status":"closed","ping_status":"closed","sticky":false,"template":"","format":"standard","meta":{"footnotes":""},"categories":[21,24],"tags":[],"class_list":["post-3668","post","type-post","status-publish","format-standard","has-post-thumbnail","hentry","category-desavanja","category-posjete"],"_links":{"self":[{"href":"https:\/\/osmbklj.edu.ba\/index.php?rest_route=\/wp\/v2\/posts\/3668","targetHints":{"allow":["GET"]}}],"collection":[{"href":"https:\/\/osmbklj.edu.ba\/index.php?rest_route=\/wp\/v2\/posts"}],"about":[{"href":"https:\/\/osmbklj.edu.ba\/index.php?rest_route=\/wp\/v2\/types\/post"}],"author":[{"embeddable":true,"href":"https:\/\/osmbklj.edu.ba\/index.php?rest_route=\/wp\/v2\/users\/1"}],"replies":[{"embeddable":true,"href":"https:\/\/osmbklj.edu.ba\/index.php?rest_route=%2Fwp%2Fv2%2Fcomments&post=3668"}],"version-history":[{"count":0,"href":"https:\/\/osmbklj.edu.ba\/index.php?rest_route=\/wp\/v2\/posts\/3668\/revisions"}],"wp:featuredmedia":[{"embeddable":true,"href":"https:\/\/osmbklj.edu.ba\/index.php?rest_route=\/"}],"wp:attachment":[{"href":"https:\/\/osmbklj.edu.ba\/index.php?rest_route=%2Fwp%2Fv2%2Fmedia&parent=3668"}],"wp:term":[{"taxonomy":"category","embeddable":true,"href":"https:\/\/osmbklj.edu.ba\/index.php?rest_route=%2Fwp%2Fv2%2Fcategories&post=3668"},{"taxonomy":"post_tag","embeddable":true,"href":"https:\/\/osmbklj.edu.ba\/index.php?rest_route=%2Fwp%2Fv2%2Ftags&post=3668"}],"curies":[{"name":"wp","href":"https:\/\/api.w.org\/{rel}","templated":true}]}}