{"id":3696,"date":"2019-04-29T09:11:29","date_gmt":"2019-04-29T09:11:29","guid":{"rendered":"http:\/\/osmbklj.edu.ba\/?p=3696"},"modified":"2019-04-29T09:11:29","modified_gmt":"2019-04-29T09:11:29","slug":"godisnjica-stradanja-u-jukicevoj","status":"publish","type":"post","link":"https:\/\/osmbklj.edu.ba\/?p=3696","title":{"rendered":"GODI\u0160NJICA STRADANJA U JUKI\u0106EVOJ"},"content":{"rendered":"\n<p>Navr\u0161ila se 26. godi\u0161njica kada su u Juki\u0107evoj ulici u sarajevskom naselju Ko\u0161evsko Brdo<strong>\u00a0stradala tri dje\u010daka<\/strong>\u00a0&#8211; trinaestogod\u0161nji<strong> Amel Tarahija<\/strong>\u00a0i\u00a0<strong>Vedran Milas<\/strong>\u00a0i petnaestogod\u0161nji\u00a0<strong>Sakib Smajevi\u0107<\/strong>. Obilje\u017eavanju su prisustvovali na\u0161i u\u010denici s nastavnikom Zekovi\u0107 Mirzom, predstavnici Udru\u017eenja i Gradske uprave Sarajeva te \u010dlanovi porodica. <\/p>\n","protected":false},"excerpt":{"rendered":"<p>Navr\u0161ila se 26. godi\u0161njica kada su u Juki\u0107evoj ulici u sarajevskom naselju Ko\u0161evsko Brdo\u00a0stradala tri dje\u010daka\u00a0&#8211; trinaestogod\u0161nji Amel Tarahija\u00a0i\u00a0Vedran Milas\u00a0i petnaestogod\u0161nji\u00a0Sakib Smajevi\u0107. Obilje\u017eavanju su prisustvovali na\u0161i u\u010denici s nastavnikom Zekovi\u0107 Mirzom, predstavnici Udru\u017eenja i Gradske uprave Sarajeva te \u010dlanovi porodica.<\/p>\n","protected":false},"author":1,"featured_media":3697,"comment_status":"closed","ping_status":"closed","sticky":false,"template":"","format":"standard","meta":{"footnotes":""},"categories":[30],"tags":[],"class_list":["post-3696","post","type-post","status-publish","format-standard","has-post-thumbnail","hentry","category-vijesti"],"_links":{"self":[{"href":"https:\/\/osmbklj.edu.ba\/index.php?rest_route=\/wp\/v2\/posts\/3696","targetHints":{"allow":["GET"]}}],"collection":[{"href":"https:\/\/osmbklj.edu.ba\/index.php?rest_route=\/wp\/v2\/posts"}],"about":[{"href":"https:\/\/osmbklj.edu.ba\/index.php?rest_route=\/wp\/v2\/types\/post"}],"author":[{"embeddable":true,"href":"https:\/\/osmbklj.edu.ba\/index.php?rest_route=\/wp\/v2\/users\/1"}],"replies":[{"embeddable":true,"href":"https:\/\/osmbklj.edu.ba\/index.php?rest_route=%2Fwp%2Fv2%2Fcomments&post=3696"}],"version-history":[{"count":0,"href":"https:\/\/osmbklj.edu.ba\/index.php?rest_route=\/wp\/v2\/posts\/3696\/revisions"}],"wp:featuredmedia":[{"embeddable":true,"href":"https:\/\/osmbklj.edu.ba\/index.php?rest_route=\/"}],"wp:attachment":[{"href":"https:\/\/osmbklj.edu.ba\/index.php?rest_route=%2Fwp%2Fv2%2Fmedia&parent=3696"}],"wp:term":[{"taxonomy":"category","embeddable":true,"href":"https:\/\/osmbklj.edu.ba\/index.php?rest_route=%2Fwp%2Fv2%2Fcategories&post=3696"},{"taxonomy":"post_tag","embeddable":true,"href":"https:\/\/osmbklj.edu.ba\/index.php?rest_route=%2Fwp%2Fv2%2Ftags&post=3696"}],"curies":[{"name":"wp","href":"https:\/\/api.w.org\/{rel}","templated":true}]}}