{"id":3935,"date":"2019-10-31T09:33:12","date_gmt":"2019-10-31T09:33:12","guid":{"rendered":"http:\/\/osmbklj.edu.ba\/?p=3935"},"modified":"2019-10-31T09:33:12","modified_gmt":"2019-10-31T09:33:12","slug":"2-medunarodna-konferencija-obrazovanja-i-informacione-tehnologije","status":"publish","type":"post","link":"https:\/\/osmbklj.edu.ba\/?p=3935","title":{"rendered":"2. Me\u0111unarodna konferencija Obrazovanja i informacione tehnologije"},"content":{"rendered":"\n<div id=\"js_6i\" class=\"_5pbx userContent _3576\" data-testid=\"post_message\" data-ft=\"{&quot;tn&quot;:&quot;K&quot;}\">\n<p>Na 2.Me\u0111unarodnoj konferenciji Obrazovanje i informacione tehnologije u organizaiciji EDUIT-a, odr\u017eanoj 29.10.2019.godine, u\u010destvovali su direktor na\u0161e \u0161kole, Edin Smaji\u0107 kao organizator, te Adin Begi\u0107 kao jedan od predava\u010da,\u00a0 u\u010diteljice Sabina Efendi\u0107, Aldijana Red\u017eovi\u0107, D\u017eenana Deli\u0107, socijalna radnica Almina Hod\u017ei\u0107, te nastavnici Kenan Su\u0107eska i Mirza Zekovi\u0107. Primjena STEM tehnologije u nastavi, digitalizacija, prevencija nasilja na internetu samo su neke od tema ove konferencije koja je bila ne samo izuzetno posjecena, vec zanimljiva, interaktivna i poucna. Ponosni smo na na\u0161e kolege, koji su pokazali inovativnost i entuzijazam sa kojim ulaze u u\u010d<img loading=\"lazy\" decoding=\"async\" class=\"alignleft  wp-image-3931\" src=\"http:\/\/osmbklj.edu.ba\/wp-content\/uploads\/2019\/10\/75375640_430672821198752_7425977744451698688_n.jpg\" alt=\"\" width=\"297\" height=\"396\" \/><img loading=\"lazy\" decoding=\"async\" class=\"alignleft wp-image-3928\" src=\"http:\/\/osmbklj.edu.ba\/wp-content\/uploads\/2019\/10\/74167138_883119768748868_7277552655478554624_n.jpg\" alt=\"\" width=\"290\" height=\"217\" \/>ionicu, me\u0111u na\u0161e u\u010denike.<\/p>\n<\/div>\n<div class=\"_3x-2\" data-ft=\"{&quot;tn&quot;:&quot;H&quot;}\">\n<div data-ft=\"{&quot;tn&quot;:&quot;H&quot;}\">\n<div class=\"mtm\">\n<div class=\"_2a2q _65sr\">\u00a0<\/div>\n<\/div>\n<\/div>\n<\/div>\n","protected":false},"excerpt":{"rendered":"<p>Na 2.Me\u0111unarodnoj konferenciji Obrazovanje i informacione tehnologije u organizaiciji EDUIT-a, odr\u017eanoj 29.10.2019.godine, u\u010destvovali su direktor na\u0161e \u0161kole, Edin Smaji\u0107 kao organizator, te Adin Begi\u0107 kao jedan od predava\u010da,\u00a0 u\u010diteljice Sabina Efendi\u0107, Aldijana Red\u017eovi\u0107, D\u017eenana Deli\u0107, socijalna radnica Almina Hod\u017ei\u0107, te nastavnici Kenan Su\u0107eska i Mirza Zekovi\u0107. Primjena STEM tehnologije u nastavi, digitalizacija, prevencija nasilja na<\/p>\n","protected":false},"author":1,"featured_media":3927,"comment_status":"closed","ping_status":"closed","sticky":false,"template":"","format":"standard","meta":{"footnotes":""},"categories":[21],"tags":[],"class_list":["post-3935","post","type-post","status-publish","format-standard","has-post-thumbnail","hentry","category-desavanja"],"_links":{"self":[{"href":"https:\/\/osmbklj.edu.ba\/index.php?rest_route=\/wp\/v2\/posts\/3935","targetHints":{"allow":["GET"]}}],"collection":[{"href":"https:\/\/osmbklj.edu.ba\/index.php?rest_route=\/wp\/v2\/posts"}],"about":[{"href":"https:\/\/osmbklj.edu.ba\/index.php?rest_route=\/wp\/v2\/types\/post"}],"author":[{"embeddable":true,"href":"https:\/\/osmbklj.edu.ba\/index.php?rest_route=\/wp\/v2\/users\/1"}],"replies":[{"embeddable":true,"href":"https:\/\/osmbklj.edu.ba\/index.php?rest_route=%2Fwp%2Fv2%2Fcomments&post=3935"}],"version-history":[{"count":0,"href":"https:\/\/osmbklj.edu.ba\/index.php?rest_route=\/wp\/v2\/posts\/3935\/revisions"}],"wp:featuredmedia":[{"embeddable":true,"href":"https:\/\/osmbklj.edu.ba\/index.php?rest_route=\/"}],"wp:attachment":[{"href":"https:\/\/osmbklj.edu.ba\/index.php?rest_route=%2Fwp%2Fv2%2Fmedia&parent=3935"}],"wp:term":[{"taxonomy":"category","embeddable":true,"href":"https:\/\/osmbklj.edu.ba\/index.php?rest_route=%2Fwp%2Fv2%2Fcategories&post=3935"},{"taxonomy":"post_tag","embeddable":true,"href":"https:\/\/osmbklj.edu.ba\/index.php?rest_route=%2Fwp%2Fv2%2Ftags&post=3935"}],"curies":[{"name":"wp","href":"https:\/\/api.w.org\/{rel}","templated":true}]}}