{"id":4021,"date":"2019-11-27T14:06:08","date_gmt":"2019-11-27T14:06:08","guid":{"rendered":"http:\/\/osmbklj.edu.ba\/?p=4021"},"modified":"2019-11-27T14:06:08","modified_gmt":"2019-11-27T14:06:08","slug":"svecana-sjednica-opcinskog-vijeca-centar-dan-drzavnosti","status":"publish","type":"post","link":"https:\/\/osmbklj.edu.ba\/?p=4021","title":{"rendered":"Sve\u010dana sjednica Op\u0107inskog vije\u0107a Centar-Dan dr\u017eavnosti"},"content":{"rendered":"\n<p>22.11.2019. godine uprili\u010dena je sve\u010dana sjednica Op\u0107inskog vije\u0107a Op\u0107ine Centar povodom Dana dr\u017eavnosti Bosne i Hercegovin<img loading=\"lazy\" decoding=\"async\" class=\"alignleft size-full wp-image-4016\" src=\"http:\/\/osmbklj.edu.ba\/wp-content\/uploads\/2019\/11\/thumbnail_IMG-6e2d597a84aa3a4342f2976f2eb1a9db-V.jpg\" alt=\"\" width=\"1280\" height=\"720\" \/> <img loading=\"lazy\" decoding=\"async\" class=\"alignleft size-full wp-image-4017\" src=\"http:\/\/osmbklj.edu.ba\/wp-content\/uploads\/2019\/11\/thumbnail_IMG-c8d4831905891f8cf6d6806e1f3612f3-V.jpg\" alt=\"\" width=\"1200\" height=\"750\" \/><span style=\"font-size: inherit;\">e.U\u010denici IV 1 sa u\u010diteljicom Munirom Pind\u017eo prisustvovali su sjednici i podijelili likovne radove na temu 25. novembar-Dan dr\u017eavnosti.<\/span><\/p>\n","protected":false},"excerpt":{"rendered":"<p>22.11.2019. godine uprili\u010dena je sve\u010dana sjednica Op\u0107inskog vije\u0107a Op\u0107ine Centar povodom Dana dr\u017eavnosti Bosne i Hercegovin e.U\u010denici IV 1 sa u\u010diteljicom Munirom Pind\u017eo prisustvovali su sjednici i podijelili likovne radove na temu 25. novembar-Dan dr\u017eavnosti.<\/p>\n","protected":false},"author":1,"featured_media":4018,"comment_status":"open","ping_status":"open","sticky":false,"template":"","format":"standard","meta":{"footnotes":""},"categories":[30],"tags":[],"class_list":["post-4021","post","type-post","status-publish","format-standard","has-post-thumbnail","hentry","category-vijesti"],"_links":{"self":[{"href":"https:\/\/osmbklj.edu.ba\/index.php?rest_route=\/wp\/v2\/posts\/4021","targetHints":{"allow":["GET"]}}],"collection":[{"href":"https:\/\/osmbklj.edu.ba\/index.php?rest_route=\/wp\/v2\/posts"}],"about":[{"href":"https:\/\/osmbklj.edu.ba\/index.php?rest_route=\/wp\/v2\/types\/post"}],"author":[{"embeddable":true,"href":"https:\/\/osmbklj.edu.ba\/index.php?rest_route=\/wp\/v2\/users\/1"}],"replies":[{"embeddable":true,"href":"https:\/\/osmbklj.edu.ba\/index.php?rest_route=%2Fwp%2Fv2%2Fcomments&post=4021"}],"version-history":[{"count":0,"href":"https:\/\/osmbklj.edu.ba\/index.php?rest_route=\/wp\/v2\/posts\/4021\/revisions"}],"wp:featuredmedia":[{"embeddable":true,"href":"https:\/\/osmbklj.edu.ba\/index.php?rest_route=\/"}],"wp:attachment":[{"href":"https:\/\/osmbklj.edu.ba\/index.php?rest_route=%2Fwp%2Fv2%2Fmedia&parent=4021"}],"wp:term":[{"taxonomy":"category","embeddable":true,"href":"https:\/\/osmbklj.edu.ba\/index.php?rest_route=%2Fwp%2Fv2%2Fcategories&post=4021"},{"taxonomy":"post_tag","embeddable":true,"href":"https:\/\/osmbklj.edu.ba\/index.php?rest_route=%2Fwp%2Fv2%2Ftags&post=4021"}],"curies":[{"name":"wp","href":"https:\/\/api.w.org\/{rel}","templated":true}]}}