{"id":5046,"date":"2023-10-15T15:00:02","date_gmt":"2023-10-15T13:00:02","guid":{"rendered":"https:\/\/osmbklj.edu.ba\/?p=5046"},"modified":"2023-10-15T20:02:08","modified_gmt":"2023-10-15T18:02:08","slug":"komemorativna-sjednica-za-seldinu-kovacevic","status":"publish","type":"post","link":"https:\/\/osmbklj.edu.ba\/?p=5046","title":{"rendered":"Komemorativna sjednica za Seldinu Kova\u010devi\u0107"},"content":{"rendered":"<h2 style=\"text-align: center;\"><strong>OBAVIJEST<\/strong><\/h2>\n<p style=\"text-align: center;\">U ponedjeljak, 16.10.2023. godine u 17 sati \u0107e se odr\u017eati komemorativna sjednica otvorenog tipa povodom sje\u0107anja na na\u0161u dragu kolegicu Seldinu Kova\u010devi\u0107.<br \/>\nSvi prisutni \u0107e imati priliku da se obrate (uz prethodnu najavu) i da se upi\u0161u i knjigu \u017ealosti.<\/p>\n<p>&nbsp;<\/p>\n<p>&nbsp;<\/p>\n<p><img loading=\"lazy\" decoding=\"async\" class=\"aligncenter wp-image-5047 size-large\" src=\"https:\/\/osmbklj.edu.ba\/wp-content\/uploads\/2023\/10\/Sjecanje-Seldina-Kovacevic-1024x1024.png\" alt=\"\" width=\"1024\" height=\"1024\" srcset=\"https:\/\/osmbklj.edu.ba\/wp-content\/uploads\/2023\/10\/Sjecanje-Seldina-Kovacevic-1024x1024.png 1024w, https:\/\/osmbklj.edu.ba\/wp-content\/uploads\/2023\/10\/Sjecanje-Seldina-Kovacevic-300x300.png 300w, https:\/\/osmbklj.edu.ba\/wp-content\/uploads\/2023\/10\/Sjecanje-Seldina-Kovacevic-150x150.png 150w, https:\/\/osmbklj.edu.ba\/wp-content\/uploads\/2023\/10\/Sjecanje-Seldina-Kovacevic-768x768.png 768w, https:\/\/osmbklj.edu.ba\/wp-content\/uploads\/2023\/10\/Sjecanje-Seldina-Kovacevic-154x154.png 154w, https:\/\/osmbklj.edu.ba\/wp-content\/uploads\/2023\/10\/Sjecanje-Seldina-Kovacevic-80x80.png 80w, https:\/\/osmbklj.edu.ba\/wp-content\/uploads\/2023\/10\/Sjecanje-Seldina-Kovacevic-70x71.png 70w, https:\/\/osmbklj.edu.ba\/wp-content\/uploads\/2023\/10\/Sjecanje-Seldina-Kovacevic.png 1080w\" sizes=\"auto, (max-width: 1024px) 100vw, 1024px\" \/><\/p>\n","protected":false},"excerpt":{"rendered":"<p>OBAVIJEST U ponedjeljak, 16.10.2023. godine u 17 sati \u0107e se odr\u017eati komemorativna sjednica otvorenog tipa povodom sje\u0107anja na na\u0161u dragu kolegicu Seldinu Kova\u010devi\u0107. Svi prisutni \u0107e imati priliku da se obrate (uz prethodnu najavu) i da se upi\u0161u i knjigu \u017ealosti. &nbsp; &nbsp;<\/p>\n","protected":false},"author":1,"featured_media":0,"comment_status":"closed","ping_status":"closed","sticky":false,"template":"","format":"standard","meta":{"footnotes":""},"categories":[21,30],"tags":[],"class_list":["post-5046","post","type-post","status-publish","format-standard","hentry","category-desavanja","category-vijesti"],"_links":{"self":[{"href":"https:\/\/osmbklj.edu.ba\/index.php?rest_route=\/wp\/v2\/posts\/5046","targetHints":{"allow":["GET"]}}],"collection":[{"href":"https:\/\/osmbklj.edu.ba\/index.php?rest_route=\/wp\/v2\/posts"}],"about":[{"href":"https:\/\/osmbklj.edu.ba\/index.php?rest_route=\/wp\/v2\/types\/post"}],"author":[{"embeddable":true,"href":"https:\/\/osmbklj.edu.ba\/index.php?rest_route=\/wp\/v2\/users\/1"}],"replies":[{"embeddable":true,"href":"https:\/\/osmbklj.edu.ba\/index.php?rest_route=%2Fwp%2Fv2%2Fcomments&post=5046"}],"version-history":[{"count":1,"href":"https:\/\/osmbklj.edu.ba\/index.php?rest_route=\/wp\/v2\/posts\/5046\/revisions"}],"predecessor-version":[{"id":5048,"href":"https:\/\/osmbklj.edu.ba\/index.php?rest_route=\/wp\/v2\/posts\/5046\/revisions\/5048"}],"wp:attachment":[{"href":"https:\/\/osmbklj.edu.ba\/index.php?rest_route=%2Fwp%2Fv2%2Fmedia&parent=5046"}],"wp:term":[{"taxonomy":"category","embeddable":true,"href":"https:\/\/osmbklj.edu.ba\/index.php?rest_route=%2Fwp%2Fv2%2Fcategories&post=5046"},{"taxonomy":"post_tag","embeddable":true,"href":"https:\/\/osmbklj.edu.ba\/index.php?rest_route=%2Fwp%2Fv2%2Ftags&post=5046"}],"curies":[{"name":"wp","href":"https:\/\/api.w.org\/{rel}","templated":true}]}}