{"id":5130,"date":"2024-02-20T11:21:05","date_gmt":"2024-02-20T10:21:05","guid":{"rendered":"https:\/\/osmbklj.edu.ba\/?p=5130"},"modified":"2024-02-23T12:54:37","modified_gmt":"2024-02-23T11:54:37","slug":"posjeta-ministrice-i-direktorice-irpo-a-sa-strucnim-saradnicima","status":"publish","type":"post","link":"https:\/\/osmbklj.edu.ba\/?p=5130","title":{"rendered":"Posjeta ministrice i direktorice IRPO-a sa stru\u010dnim saradnicima"},"content":{"rendered":"<p>Dana 19.02.2024. godine na\u0161u \u0161kolu su posjetili ministrica za odgoj i obrazovanje Kantona Sarajevo Naida Hota Muminovi\u0107, direktorica JU Institut za razvoj preduniverzitetskog obrazovanja Kantona Sarajevo Senada Salihovi\u0107 i saradnici Instituta.<\/p>\n<p>Na\u0161i gosti su imali priliku da vide radove u na\u0161em STEAM labu, \u0161kolsku kuhinju, kao i ostale prostorije \u0161kole. Na sastanku na kojem su prisustvovali na\u0161i gosti, bili su prisutni i nastavnici i stru\u010dni saradnici sa direktorom \u0161kole. Direktor Adin Begi\u0107 je na po\u010detku prezentovao realizovane projekte i zapo\u010dete projekte u na\u0161oj \u0161koli i realizaciju utro\u0161ka sredstava za opremu, rekonstrukciju i investiciono ulaganje.<\/p>\n<p>Ministrica je dala svoj osvrt na reformu i aktivnosti koje se trenutno realizuju, kao i va\u017enost izgradnje vrijednosti, kako nastavnika, tako i u\u010denika.<\/p>\n<p>Svi prisutni su imali mogu\u0107nost da postavljaju pitanja i da razgovaramo o izazovima u obrazovanju.<\/p>\n<p>Ovom prilikom \u017eelimo da se zahvalimo na\u0161im gostima na posjeti i na podr\u0161ci koju nam pru\u017eaju.<\/p>\n<p>&nbsp;<\/p>\n<p><iframe loading=\"lazy\" style=\"border: none; overflow: hidden;\" src=\"https:\/\/www.facebook.com\/plugins\/post.php?href=https%3A%2F%2Fwww.facebook.com%2Fosmbklj%2Fposts%2Fpfbid0meMXbDdSo6ujs5PE5f3bzRArDUDwsck9enZoHKGyVUdEdGNgf3wfPwor7195WzCil&amp;show_text=true&amp;width=500\" width=\"500\" height=\"781\" frameborder=\"0\" scrolling=\"no\" allowfullscreen=\"allowfullscreen\"><\/iframe><\/p>\n<p>&nbsp;<\/p>\n<p>&nbsp;<\/p>\n","protected":false},"excerpt":{"rendered":"<p>Dana 19.02.2024. godine na\u0161u \u0161kolu su posjetili ministrica za odgoj i obrazovanje Kantona Sarajevo Naida Hota Muminovi\u0107, direktorica JU Institut za razvoj preduniverzitetskog obrazovanja Kantona Sarajevo Senada Salihovi\u0107 i saradnici Instituta. Na\u0161i gosti su imali priliku da vide radove u na\u0161em STEAM labu, \u0161kolsku kuhinju, kao i ostale prostorije \u0161kole. Na sastanku na kojem su<\/p>\n","protected":false},"author":1,"featured_media":0,"comment_status":"closed","ping_status":"closed","sticky":false,"template":"","format":"standard","meta":{"footnotes":""},"categories":[21,30],"tags":[],"class_list":["post-5130","post","type-post","status-publish","format-standard","hentry","category-desavanja","category-vijesti"],"_links":{"self":[{"href":"https:\/\/osmbklj.edu.ba\/index.php?rest_route=\/wp\/v2\/posts\/5130","targetHints":{"allow":["GET"]}}],"collection":[{"href":"https:\/\/osmbklj.edu.ba\/index.php?rest_route=\/wp\/v2\/posts"}],"about":[{"href":"https:\/\/osmbklj.edu.ba\/index.php?rest_route=\/wp\/v2\/types\/post"}],"author":[{"embeddable":true,"href":"https:\/\/osmbklj.edu.ba\/index.php?rest_route=\/wp\/v2\/users\/1"}],"replies":[{"embeddable":true,"href":"https:\/\/osmbklj.edu.ba\/index.php?rest_route=%2Fwp%2Fv2%2Fcomments&post=5130"}],"version-history":[{"count":2,"href":"https:\/\/osmbklj.edu.ba\/index.php?rest_route=\/wp\/v2\/posts\/5130\/revisions"}],"predecessor-version":[{"id":5132,"href":"https:\/\/osmbklj.edu.ba\/index.php?rest_route=\/wp\/v2\/posts\/5130\/revisions\/5132"}],"wp:attachment":[{"href":"https:\/\/osmbklj.edu.ba\/index.php?rest_route=%2Fwp%2Fv2%2Fmedia&parent=5130"}],"wp:term":[{"taxonomy":"category","embeddable":true,"href":"https:\/\/osmbklj.edu.ba\/index.php?rest_route=%2Fwp%2Fv2%2Fcategories&post=5130"},{"taxonomy":"post_tag","embeddable":true,"href":"https:\/\/osmbklj.edu.ba\/index.php?rest_route=%2Fwp%2Fv2%2Ftags&post=5130"}],"curies":[{"name":"wp","href":"https:\/\/api.w.org\/{rel}","templated":true}]}}