{"id":802,"date":"2015-08-27T18:28:25","date_gmt":"2015-08-27T18:28:25","guid":{"rendered":"http:\/\/osmbklj.edu.ba\/?p=802"},"modified":"2015-08-27T18:28:25","modified_gmt":"2015-08-27T18:28:25","slug":"u-susret-novom-pocetku","status":"publish","type":"post","link":"https:\/\/osmbklj.edu.ba\/?p=802","title":{"rendered":"U SUSRET NOVOM PO\u010cETKU"},"content":{"rendered":"<p>01.09.2015. GOD. PO\u010cINJE NOVA \u0160KOLSKA GODINA<\/p>\n<p>TOG PRVOG DANA NASTAVA \u0106E SE ODVIJATI PREMA SLIJEDE\u0106EM RASPOREDU:<\/p>\n<p>[info]<strong>DRUGA SMJENA<\/strong> (<span style=\"text-decoration: underline;\">13.30 SATI<\/span>): II-1, III-1, III-2 (I-2 OD SRIJEDE 02.09.)[\/info]<\/p>\n<p>[info]<strong>PRVA SMJENA<\/strong> (<span style=\"text-decoration: underline;\">08.00 SATI<\/span>): U\u010cENICI OSTALIH ODJELJENJA (I-1 OD SRIJEDE 02.09.)[\/info]<\/p>\n<p><span style=\"color: #333399;\">NAPOMENA ZA PRVA\u010cI\u0106E:<\/span><\/p>\n<p><span style=\"color: #0000ff;\"><em>&#8220;Ko prvi vjesnici prolje\u0107a prva\u010di\u0107i podi\u017eu glave, u dru\u0161tvu velikih \u0111aka upli\u0107u ruke male&#8221; <span style=\"color: #666699;\">stihovi su na\u0161e \u0161kolske himne koja \u0107e ih do\u010dekati <\/span><\/em><\/span>01.09.2015. GOD. <strong>U UTORAK<\/strong> TA\u010cNO <strong>U 15.00 SATI<\/strong> <span style=\"color: #000000;\">KADA <\/span>PRVA\u010cI\u0106I DOLAZE NA SVE\u010cANI PRIJEM U PRATNJI RODITELJA, NANA, DEDA, BAKA, DEKA \ud83d\ude42 A I SVI STE POZVANI<\/p>\n<p>UZ NAJLJEP\u0160E \u017dELJE, \u017dELJNO VAS I\u0160\u010cEKUJEMO!<\/p>\n<p>DOBRO NAM DO\u0160LI! KOLEKTIV NA\u0160E \u0160KOLE<\/p>\n","protected":false},"excerpt":{"rendered":"<p>01.09.2015. GOD. PO\u010cINJE NOVA \u0160KOLSKA GODINA TOG PRVOG DANA NASTAVA \u0106E SE ODVIJATI PREMA SLIJEDE\u0106EM RASPOREDU: [info]DRUGA SMJENA (13.30 SATI): II-1, III-1, III-2 (I-2 OD SRIJEDE 02.09.)[\/info] [info]PRVA SMJENA (08.00 SATI): U\u010cENICI OSTALIH ODJELJENJA (I-1 OD SRIJEDE 02.09.)[\/info] NAPOMENA ZA PRVA\u010cI\u0106E: &#8220;Ko prvi vjesnici prolje\u0107a prva\u010di\u0107i podi\u017eu glave, u dru\u0161tvu velikih \u0111aka upli\u0107u ruke male&#8221;<\/p>\n","protected":false},"author":1,"featured_media":904,"comment_status":"closed","ping_status":"closed","sticky":false,"template":"","format":"standard","meta":{"footnotes":""},"categories":[30],"tags":[],"class_list":["post-802","post","type-post","status-publish","format-standard","has-post-thumbnail","hentry","category-vijesti"],"_links":{"self":[{"href":"https:\/\/osmbklj.edu.ba\/index.php?rest_route=\/wp\/v2\/posts\/802","targetHints":{"allow":["GET"]}}],"collection":[{"href":"https:\/\/osmbklj.edu.ba\/index.php?rest_route=\/wp\/v2\/posts"}],"about":[{"href":"https:\/\/osmbklj.edu.ba\/index.php?rest_route=\/wp\/v2\/types\/post"}],"author":[{"embeddable":true,"href":"https:\/\/osmbklj.edu.ba\/index.php?rest_route=\/wp\/v2\/users\/1"}],"replies":[{"embeddable":true,"href":"https:\/\/osmbklj.edu.ba\/index.php?rest_route=%2Fwp%2Fv2%2Fcomments&post=802"}],"version-history":[{"count":0,"href":"https:\/\/osmbklj.edu.ba\/index.php?rest_route=\/wp\/v2\/posts\/802\/revisions"}],"wp:featuredmedia":[{"embeddable":true,"href":"https:\/\/osmbklj.edu.ba\/index.php?rest_route=\/wp\/v2\/media\/904"}],"wp:attachment":[{"href":"https:\/\/osmbklj.edu.ba\/index.php?rest_route=%2Fwp%2Fv2%2Fmedia&parent=802"}],"wp:term":[{"taxonomy":"category","embeddable":true,"href":"https:\/\/osmbklj.edu.ba\/index.php?rest_route=%2Fwp%2Fv2%2Fcategories&post=802"},{"taxonomy":"post_tag","embeddable":true,"href":"https:\/\/osmbklj.edu.ba\/index.php?rest_route=%2Fwp%2Fv2%2Ftags&post=802"}],"curies":[{"name":"wp","href":"https:\/\/api.w.org\/{rel}","templated":true}]}}