{"id":825,"date":"2015-09-29T17:43:47","date_gmt":"2015-09-29T17:43:47","guid":{"rendered":"http:\/\/osmbklj.edu.ba\/?p=825"},"modified":"2015-09-29T17:43:47","modified_gmt":"2015-09-29T17:43:47","slug":"humanitarna-akcija","status":"publish","type":"post","link":"https:\/\/osmbklj.edu.ba\/?p=825","title":{"rendered":"HUMANITARNA AKCIJA"},"content":{"rendered":"<p style=\"text-align: justify;\">\u010cetvrta sedmica mjeseca septembra bila je posve\u0107ena humanitarnoj akciji <strong>Pomo\u0107 izbjeglicama. <\/strong>Prikupljeni su brojni paketi pomo\u0107i zahvaljuju\u0107i anga\u017emanu roditelja na\u0161ih u\u010denika i u\u010denicima svih razreda. <strong>Donirana hrana, odje\u0107a i obu\u0107a, higijenski pribor<\/strong> isl. proslije\u0111eno je <em>Crvenom kri\u017eu Kantona Sarajevo<\/em>. Transport paketa pomo\u0107i djelo je firme <strong>Sarajevo Taxi<\/strong> koja se uvijek uklju\u010duje u ovakve akcije, \u010dak i spontano nakon \u0161to smo im rekli gdje vozimo pomo\u0107. Evo i nekoliko isje\u010daka pri samom kraju ove akcije:<\/p>\n<p><a href=\"http:\/\/osmbklj.edu.ba\/wp-content\/uploads\/2015\/09\/img_0147.jpg\"><img loading=\"lazy\" decoding=\"async\" class=\"alignnone size-thumbnail wp-image-826\" src=\"http:\/\/osmbklj.edu.ba\/wp-content\/uploads\/2015\/09\/img_0147-150x150.jpg\" alt=\"img_0147\" width=\"150\" height=\"150\" \/><\/a> <a href=\"http:\/\/osmbklj.edu.ba\/wp-content\/uploads\/2015\/09\/img_014.jpg\"><img loading=\"lazy\" decoding=\"async\" class=\"alignnone size-thumbnail wp-image-828\" src=\"http:\/\/osmbklj.edu.ba\/wp-content\/uploads\/2015\/09\/img_014-150x150.jpg\" alt=\"img_014\" width=\"150\" height=\"150\" \/><\/a> <a href=\"http:\/\/osmbklj.edu.ba\/wp-content\/uploads\/2015\/09\/img_0140.jpg\"><img loading=\"lazy\" decoding=\"async\" class=\"alignnone size-thumbnail wp-image-827\" src=\"http:\/\/osmbklj.edu.ba\/wp-content\/uploads\/2015\/09\/img_0140-150x150.jpg\" alt=\"img_0140\" width=\"150\" height=\"150\" \/><\/a><\/p>\n","protected":false},"excerpt":{"rendered":"<p>\u010cetvrta sedmica mjeseca septembra bila je posve\u0107ena humanitarnoj akciji Pomo\u0107 izbjeglicama. Prikupljeni su brojni paketi pomo\u0107i zahvaljuju\u0107i anga\u017emanu roditelja na\u0161ih u\u010denika i u\u010denicima svih razreda. Donirana hrana, odje\u0107a i obu\u0107a, higijenski pribor isl. proslije\u0111eno je Crvenom kri\u017eu Kantona Sarajevo. Transport paketa pomo\u0107i djelo je firme Sarajevo Taxi koja se uvijek uklju\u010duje u ovakve akcije, \u010dak<\/p>\n","protected":false},"author":1,"featured_media":826,"comment_status":"closed","ping_status":"closed","sticky":false,"template":"","format":"standard","meta":{"footnotes":""},"categories":[21],"tags":[],"class_list":["post-825","post","type-post","status-publish","format-standard","has-post-thumbnail","hentry","category-desavanja"],"_links":{"self":[{"href":"https:\/\/osmbklj.edu.ba\/index.php?rest_route=\/wp\/v2\/posts\/825","targetHints":{"allow":["GET"]}}],"collection":[{"href":"https:\/\/osmbklj.edu.ba\/index.php?rest_route=\/wp\/v2\/posts"}],"about":[{"href":"https:\/\/osmbklj.edu.ba\/index.php?rest_route=\/wp\/v2\/types\/post"}],"author":[{"embeddable":true,"href":"https:\/\/osmbklj.edu.ba\/index.php?rest_route=\/wp\/v2\/users\/1"}],"replies":[{"embeddable":true,"href":"https:\/\/osmbklj.edu.ba\/index.php?rest_route=%2Fwp%2Fv2%2Fcomments&post=825"}],"version-history":[{"count":0,"href":"https:\/\/osmbklj.edu.ba\/index.php?rest_route=\/wp\/v2\/posts\/825\/revisions"}],"wp:featuredmedia":[{"embeddable":true,"href":"https:\/\/osmbklj.edu.ba\/index.php?rest_route=\/wp\/v2\/media\/826"}],"wp:attachment":[{"href":"https:\/\/osmbklj.edu.ba\/index.php?rest_route=%2Fwp%2Fv2%2Fmedia&parent=825"}],"wp:term":[{"taxonomy":"category","embeddable":true,"href":"https:\/\/osmbklj.edu.ba\/index.php?rest_route=%2Fwp%2Fv2%2Fcategories&post=825"},{"taxonomy":"post_tag","embeddable":true,"href":"https:\/\/osmbklj.edu.ba\/index.php?rest_route=%2Fwp%2Fv2%2Ftags&post=825"}],"curies":[{"name":"wp","href":"https:\/\/api.w.org\/{rel}","templated":true}]}}