{"id":925,"date":"2015-10-05T17:29:50","date_gmt":"2015-10-05T17:29:50","guid":{"rendered":"http:\/\/osmbklj.edu.ba\/?p=925"},"modified":"2015-10-05T17:29:50","modified_gmt":"2015-10-05T17:29:50","slug":"radovi-u-jesen","status":"publish","type":"post","link":"https:\/\/osmbklj.edu.ba\/?p=925","title":{"rendered":"RADOVI U JESEN"},"content":{"rendered":"<p style=\"text-align: justify;\">\u010clanovi ekolo\u0161ke sekcije su sa nastavnicom Medinom \u010distili \u0161kolsko dvori\u0161te i vo\u0107njak. Ovo godi\u0161nje doba ima posebnu dra\u017e vezanu za vo\u0107njak, njivu i vrt koju svakako pominjemo na \u010dasovima Moje okoline, Prirode, Biologije itd. Vrijedne ruke na\u0161ih u\u010denika uljep\u0161ale su \u0161kolsko okru\u017eenje i podsjetile nas na va\u017enost o\u010duvanja \u010dovjekove okoline.<\/p>\n<p style=\"text-align: justify;\"><a href=\"http:\/\/osmbklj.edu.ba\/wp-content\/uploads\/2015\/10\/radovi-u-jesen.jpg\"><img loading=\"lazy\" decoding=\"async\" class=\"alignnone size-thumbnail wp-image-926\" src=\"http:\/\/osmbklj.edu.ba\/wp-content\/uploads\/2015\/10\/radovi-u-jesen-150x150.jpg\" alt=\"RADOVI U JESEN\" width=\"150\" height=\"150\" \/><\/a> <a href=\"http:\/\/osmbklj.edu.ba\/wp-content\/uploads\/2015\/10\/radovi-u-jesen-2.jpg\"><img loading=\"lazy\" decoding=\"async\" class=\"alignnone size-thumbnail wp-image-927\" src=\"http:\/\/osmbklj.edu.ba\/wp-content\/uploads\/2015\/10\/radovi-u-jesen-2-150x150.jpg\" alt=\"RADOVI U JESEN 1\" width=\"150\" height=\"150\" \/><\/a> <a href=\"http:\/\/osmbklj.edu.ba\/wp-content\/uploads\/2015\/10\/radovi-u-jesen-3.jpg\"><img loading=\"lazy\" decoding=\"async\" class=\"alignnone size-thumbnail wp-image-928\" src=\"http:\/\/osmbklj.edu.ba\/wp-content\/uploads\/2015\/10\/radovi-u-jesen-3-150x150.jpg\" alt=\"RADOVI U JESEN 2\" width=\"150\" height=\"150\" \/><\/a> <a href=\"http:\/\/osmbklj.edu.ba\/wp-content\/uploads\/2015\/10\/radovi-u-jesen-4.jpg\"><img loading=\"lazy\" decoding=\"async\" class=\"alignnone size-thumbnail wp-image-929\" src=\"http:\/\/osmbklj.edu.ba\/wp-content\/uploads\/2015\/10\/radovi-u-jesen-4-150x150.jpg\" alt=\"RADOVI U JESEN 3\" width=\"150\" height=\"150\" \/><\/a> <a href=\"http:\/\/osmbklj.edu.ba\/wp-content\/uploads\/2015\/10\/radovi-u-jesen-5.jpg\"><img loading=\"lazy\" decoding=\"async\" class=\"alignnone size-thumbnail wp-image-930\" src=\"http:\/\/osmbklj.edu.ba\/wp-content\/uploads\/2015\/10\/radovi-u-jesen-5-150x150.jpg\" alt=\"RADOVI U JESEN 4\" width=\"150\" height=\"150\" \/><\/a> <a href=\"http:\/\/osmbklj.edu.ba\/wp-content\/uploads\/2015\/10\/radovi-u-jesen-6.jpg\"><img loading=\"lazy\" decoding=\"async\" class=\"alignnone size-thumbnail wp-image-931\" src=\"http:\/\/osmbklj.edu.ba\/wp-content\/uploads\/2015\/10\/radovi-u-jesen-6-150x150.jpg\" alt=\"RADOVI U JESEN 5\" width=\"150\" height=\"150\" \/><\/a> <a href=\"http:\/\/osmbklj.edu.ba\/wp-content\/uploads\/2015\/10\/radovi-u-jesen-7.jpg\"><img loading=\"lazy\" decoding=\"async\" class=\"alignnone size-thumbnail wp-image-932\" src=\"http:\/\/osmbklj.edu.ba\/wp-content\/uploads\/2015\/10\/radovi-u-jesen-7-150x150.jpg\" alt=\"RADOVI U JESEN 6\" width=\"150\" height=\"150\" \/><\/a><\/p>\n","protected":false},"excerpt":{"rendered":"<p>\u010clanovi ekolo\u0161ke sekcije su sa nastavnicom Medinom \u010distili \u0161kolsko dvori\u0161te i vo\u0107njak. Ovo godi\u0161nje doba ima posebnu dra\u017e vezanu za vo\u0107njak, njivu i vrt koju svakako pominjemo na \u010dasovima Moje okoline, Prirode, Biologije itd. Vrijedne ruke na\u0161ih u\u010denika uljep\u0161ale su \u0161kolsko okru\u017eenje i podsjetile nas na va\u017enost o\u010duvanja \u010dovjekove okoline.<\/p>\n","protected":false},"author":1,"featured_media":926,"comment_status":"closed","ping_status":"closed","sticky":false,"template":"","format":"standard","meta":{"footnotes":""},"categories":[21],"tags":[],"class_list":["post-925","post","type-post","status-publish","format-standard","has-post-thumbnail","hentry","category-desavanja"],"_links":{"self":[{"href":"https:\/\/osmbklj.edu.ba\/index.php?rest_route=\/wp\/v2\/posts\/925","targetHints":{"allow":["GET"]}}],"collection":[{"href":"https:\/\/osmbklj.edu.ba\/index.php?rest_route=\/wp\/v2\/posts"}],"about":[{"href":"https:\/\/osmbklj.edu.ba\/index.php?rest_route=\/wp\/v2\/types\/post"}],"author":[{"embeddable":true,"href":"https:\/\/osmbklj.edu.ba\/index.php?rest_route=\/wp\/v2\/users\/1"}],"replies":[{"embeddable":true,"href":"https:\/\/osmbklj.edu.ba\/index.php?rest_route=%2Fwp%2Fv2%2Fcomments&post=925"}],"version-history":[{"count":0,"href":"https:\/\/osmbklj.edu.ba\/index.php?rest_route=\/wp\/v2\/posts\/925\/revisions"}],"wp:featuredmedia":[{"embeddable":true,"href":"https:\/\/osmbklj.edu.ba\/index.php?rest_route=\/wp\/v2\/media\/926"}],"wp:attachment":[{"href":"https:\/\/osmbklj.edu.ba\/index.php?rest_route=%2Fwp%2Fv2%2Fmedia&parent=925"}],"wp:term":[{"taxonomy":"category","embeddable":true,"href":"https:\/\/osmbklj.edu.ba\/index.php?rest_route=%2Fwp%2Fv2%2Fcategories&post=925"},{"taxonomy":"post_tag","embeddable":true,"href":"https:\/\/osmbklj.edu.ba\/index.php?rest_route=%2Fwp%2Fv2%2Ftags&post=925"}],"curies":[{"name":"wp","href":"https:\/\/api.w.org\/{rel}","templated":true}]}}