{"id":951,"date":"2015-10-18T10:40:43","date_gmt":"2015-10-18T10:40:43","guid":{"rendered":"http:\/\/osmbklj.edu.ba\/?p=951"},"modified":"2015-10-18T10:40:43","modified_gmt":"2015-10-18T10:40:43","slug":"tuzan-spomen-svima-nama","status":"publish","type":"post","link":"https:\/\/osmbklj.edu.ba\/?p=951","title":{"rendered":"TU\u017dAN SPOMEN SVIMA NAMA"},"content":{"rendered":"<p><span id=\"inserted1595\" style=\"color: inherit;\">Sa veliko<\/span><span id=\"inserted1595\" style=\"color: inherit;\"><a href=\"http:\/\/osmbklj.edu.ba\/wp-content\/uploads\/2015\/10\/tuzan-spomen-svima-nama.jpg\"><img loading=\"lazy\" decoding=\"async\" class=\"size-thumbnail wp-image-952 alignleft\" src=\"http:\/\/osmbklj.edu.ba\/wp-content\/uploads\/2015\/10\/tuzan-spomen-svima-nama-150x150.jpg\" alt=\"TU\u017dAN SPOMEN SVIMA NAMA\" width=\"150\" height=\"150\" \/><\/a><\/span><span id=\"inserted1595\" style=\"color: inherit;\">m tugom i iskrenim suosje\u0107anjem pi\u0161emo na ovu temu. Sigurno, do sada, nismo napisali za nas te\u017ei u smislu osje\u0107anja jedan \u010dlanak kog \u0107emo objaviti ovim putem.<\/span><\/p>\n<p>Salih je bio na\u0161 u\u010denik (premalo prostora da ga opi\u0161emo kakav) sve do 01. septembra ove godine. Tada smo pisali prevodnicu za njega jer je promijenio sredinu.<\/p>\n<p>U novo naselje, u novu \u0161kolu oti\u0161ao je tek prije nekoliko sedmica. A sada&#8230;ne mo\u017eemo to ni napisati. Tako brzo se desilo i tako nespremne nas zateklo.<\/p>\n<p>Porodici, prijateljima i svima koji su ga poznavali upu\u0107ujemo sau\u010de\u0161\u0107e sa spomenom kog \u0107emo \u010duvati na ovog mali\u0161ana.<\/p>\n<p>&nbsp;<\/p>\n<p><span id=\"inserted1595\" style=\"color: inherit;\">\u00a0<a href=\"http:\/\/osmbklj.edu.ba\/wp-content\/uploads\/2015\/10\/tuzan-spomen-svima-nama-2.jpg\"><img loading=\"lazy\" decoding=\"async\" class=\"alignnone size-thumbnail wp-image-953\" src=\"http:\/\/osmbklj.edu.ba\/wp-content\/uploads\/2015\/10\/tuzan-spomen-svima-nama-2-150x150.jpg\" alt=\"TU\u017dAN SPOMEN SVIMA NAMA 1\" width=\"150\" height=\"150\" \/><\/a> <a href=\"http:\/\/osmbklj.edu.ba\/wp-content\/uploads\/2015\/10\/tuzan-spomen-svima-nama-3.jpg\"><img loading=\"lazy\" decoding=\"async\" class=\"alignnone size-thumbnail wp-image-954\" src=\"http:\/\/osmbklj.edu.ba\/wp-content\/uploads\/2015\/10\/tuzan-spomen-svima-nama-3-150x150.jpg\" alt=\"TU\u017dAN SPOMEN SVIMA NAMA 2\" width=\"150\" height=\"150\" \/><\/a> <a href=\"http:\/\/osmbklj.edu.ba\/wp-content\/uploads\/2015\/10\/tuzan-spomen-svima-nama-4.jpg\"><img loading=\"lazy\" decoding=\"async\" class=\"alignnone size-thumbnail wp-image-955\" src=\"http:\/\/osmbklj.edu.ba\/wp-content\/uploads\/2015\/10\/tuzan-spomen-svima-nama-4-150x150.jpg\" alt=\"TU\u017dAN SPOMEN SVIMA NAMA 3\" width=\"150\" height=\"150\" \/><\/a><\/span><\/p>\n<p style=\"text-align: justify;\">Osta zapisana mudra pri\u010da:<\/p>\n<p style=\"text-align: justify;\"><em>\u017divio, ka\u017ee ta pri\u010da, nekakav bogat \u010dovjek, bio ugledan i imao slugu. Po\u0161alje on toga slugu jednoga dana u bazar, da mu, ne\u0161to kupi. Ne pro\u0111e ni pola sata, vrati se sluga sav izbezumIjen, prestra\u0161en. \u201eDaj mi&#8221;, veli \u201enajbr\u017eega konja da bje\u017eim u Buharu. U bazaru sam vidio svoju smrt, hoda bazarom, i kad me ugleda, razgora\u010di na mene o\u010di. Do\u0161la po mene&#8221;. On bija\u0161e milostiv i dade slugi najbr\u017eega konja da bje\u017ei iz grada. Al se potom ne\u0161to dosjeti, bi mu \u010dudno kako to da njegov sluga vidi ba\u0161 svoju smrt. Po\u017euri stoga u bazar da provjeri, kad stvarno &#8211; po bazaru \u0161eta smrt njegovog sluge. \u201e\u0160to mi upla\u0161i slugu, nevoljnice crna?&#8221; &#8211; upitat \u0107e je imu\u0107ni gazda. A smrt, mrtva &#8211; hladna, kakva i jest, re\u010de: \u201eNisam ga htjela upla\u0161iti, samo sam se za\u010dudila kad sam ga vidjela ovdje, u bazaru. Otkud on tu, kad ve\u010deras s njim imam sastanak u Buhari?&#8221;<\/em><br \/>\n<em> Da, u Buhari, prema kojoj nesretni sluga galopira na najbr\u017eem konju svoga vladara.<\/em><\/p>\n","protected":false},"excerpt":{"rendered":"<p>Sa velikom tugom i iskrenim suosje\u0107anjem pi\u0161emo na ovu temu. Sigurno, do sada, nismo napisali za nas te\u017ei u smislu osje\u0107anja jedan \u010dlanak kog \u0107emo objaviti ovim putem. Salih je bio na\u0161 u\u010denik (premalo prostora da ga opi\u0161emo kakav) sve do 01. septembra ove godine. Tada smo pisali prevodnicu za njega jer je promijenio sredinu.<\/p>\n","protected":false},"author":1,"featured_media":954,"comment_status":"closed","ping_status":"closed","sticky":false,"template":"","format":"standard","meta":{"footnotes":""},"categories":[30],"tags":[],"class_list":["post-951","post","type-post","status-publish","format-standard","has-post-thumbnail","hentry","category-vijesti"],"_links":{"self":[{"href":"https:\/\/osmbklj.edu.ba\/index.php?rest_route=\/wp\/v2\/posts\/951","targetHints":{"allow":["GET"]}}],"collection":[{"href":"https:\/\/osmbklj.edu.ba\/index.php?rest_route=\/wp\/v2\/posts"}],"about":[{"href":"https:\/\/osmbklj.edu.ba\/index.php?rest_route=\/wp\/v2\/types\/post"}],"author":[{"embeddable":true,"href":"https:\/\/osmbklj.edu.ba\/index.php?rest_route=\/wp\/v2\/users\/1"}],"replies":[{"embeddable":true,"href":"https:\/\/osmbklj.edu.ba\/index.php?rest_route=%2Fwp%2Fv2%2Fcomments&post=951"}],"version-history":[{"count":0,"href":"https:\/\/osmbklj.edu.ba\/index.php?rest_route=\/wp\/v2\/posts\/951\/revisions"}],"wp:featuredmedia":[{"embeddable":true,"href":"https:\/\/osmbklj.edu.ba\/index.php?rest_route=\/wp\/v2\/media\/954"}],"wp:attachment":[{"href":"https:\/\/osmbklj.edu.ba\/index.php?rest_route=%2Fwp%2Fv2%2Fmedia&parent=951"}],"wp:term":[{"taxonomy":"category","embeddable":true,"href":"https:\/\/osmbklj.edu.ba\/index.php?rest_route=%2Fwp%2Fv2%2Fcategories&post=951"},{"taxonomy":"post_tag","embeddable":true,"href":"https:\/\/osmbklj.edu.ba\/index.php?rest_route=%2Fwp%2Fv2%2Ftags&post=951"}],"curies":[{"name":"wp","href":"https:\/\/api.w.org\/{rel}","templated":true}]}}